{"id":47349,"date":"2024-12-10T21:02:08","date_gmt":"2024-12-11T03:02:08","guid":{"rendered":"https:\/\/circulorojoslp.com\/?p=47349"},"modified":"2024-12-10T21:02:08","modified_gmt":"2024-12-11T03:02:08","slug":"ministra-norma-pina-rinde-segundo-informe-de-labores-senala-escenarios-sin-precedentes-en-el-pj","status":"publish","type":"post","link":"https:\/\/circulorojoslp.com\/?p=47349","title":{"rendered":"Ministra Norma Pi\u00f1a rinde segundo informe de labores; se\u00f1ala \u201cescenarios sin precedentes\u201d en el PJ"},"content":{"rendered":"<p>Sin la presencia de los presidentes del Senado y de la C\u00e1mara de Diputados, as\u00ed como de la titular del Tribunal Electoral del Poder Judicial de la Federaci\u00f3n\u00a0(TEPJF), M\u00f3nica Soto, la presidenta de la Suprema Corte de Justicia de la Naci\u00f3n\u00a0(SCJN),\u00a0Norma Luc\u00eda Pi\u00f1a Hern\u00e1ndez\u00a0rinde este martes su segundo informe labores, que ser\u00e1 \u00faltimo debido a que en agosto de 2025 dejar\u00e1 su cargo derivado de la aprobaci\u00f3n de la reforma judicial.<br \/>\nEn sesi\u00f3n de pleno y ante la presencia del subsecretario de\u00a0Derechos Humanos, C\u00e9sar Y\u00e1\u00f1ez, consejeros de la Judicatura Federal y los magistrados electorales, Reyes Rodr\u00edguez y Janine Ot\u00e1lora, la ministra arranc\u00f3 su intervenci\u00f3n con la advertencia de que \u201clos derechos humanos est\u00e1n en riesgo permanente cuando el poder no puede ser contenido, frenado y controlado\u201d.<\/p>\n<p>\u201cUno de los prop\u00f3sitos de un\u00a0Poder Judicial\u00a0independiente, es precisamente proteger los derechos humanos y ser un contrapeso al poder que podr\u00eda amenazar tales derechos\u201d, dijo.<br \/>\nLa tambi\u00e9n presidenta del Consejo de la Judicatura Federal afirm\u00f3 que la reforma judicial presenta enormes retos no s\u00f3lo para los jueces sino para todo M\u00e9xico. \u201cEstamos ante un escenarios sin precedentes a nivel mundial\u201d.<br \/>\nReforma Judicial no es historia de \u201cvencedores y vencidos\u201d<br \/>\nSe\u00f1al\u00f3 que la reforma judicial promovida por el expresidente\u00a0Andr\u00e9s Manuel L\u00f3pez Obrador\u00a0no es una historia de vencedores y vencidos. \u201cTodo democr\u00e1tica, y con mayor raz\u00f3n todo servidor p\u00fablico desea lo mejor para su pa\u00eds. No es posible saber en este momento cu\u00e1l ser\u00e1 el resultado de esta reforma\u201d.<br \/>\nAsimismo, Pi\u00f1a Hern\u00e1ndez acus\u00f3 una campa\u00f1a de anulaci\u00f3n de la autonom\u00eda del Poder Judicial de la Federaci\u00f3n para someterlo a l\u00f3gicas\u00a0electorales y partidistas\u00a0que se intensific\u00f3 de manera violenta y que, asegur\u00f3, se inici\u00f3 hace m\u00e1s de seis a\u00f1os.<br \/>\n\u201cLa campa\u00f1a de deslegitimaci\u00f3n de personas juzgadoras federales comenz\u00f3 hace m\u00e1s de seis a\u00f1os, no debemos olvidar los ataques a jueces, magistrados que desde entonces ya eran constantes\u201d.<br \/>\nLa ministra tambi\u00e9n reproch\u00f3 los constantes intentos de intromisi\u00f3n en el Consejo de la Judicatura Federal, que, acus\u00f3, lleg\u00f3 a los extremos que dentro del proceso legislativo, sobre la reforma judicial 2021, incluy\u00f3 una reserva para extender la presidencia del expresidente de la Corte\u00a0Arturo Zald\u00edvar.<\/p>\n<p>\u201cY apenas, casi dos a\u00f1os despu\u00e9s, cuando la Suprema Corte recuper\u00f3 su mandato y papel de Tribunal Constitucional independiente y aut\u00f3nomo cuando se restaur\u00f3 el respeto pleno a su autonom\u00eda jurisdiccional como siempre debi\u00f3 haber sido, fue entonces cuando algunos medios p\u00fablicos y todos los medios oficiales se enfocaron en la anulaci\u00f3n de la independencia judicial y el desprestigio p\u00fablico de las personas juzgadora, sin nunca presentarse prueba alguna\u201d.<br \/>\nEn sesi\u00f3n de pleno y ante la presencia del subsecretario de Gobierno, C\u00e9sar Y\u00e1\u00f1ez Centeno, quien acudi\u00f3 en representaci\u00f3n de la presidenta Claudia Sheinbaum; consejeros de la Judicatura Federal y los magistrados electorales, Reyes Rodr\u00edguez y Janine Ot\u00e1lora, la ministra afirm\u00f3 que los \u201cataques\u201d y \u201camenazas\u201d contra los juzgadores federales se hicieron patentes frente a decisiones contrarias a los intereses del gobierno, como fue el caso de las impugnaciones contra la transferencia de la Guardia Nacional a la Secretar\u00eda de la Defensa Nacional (Defensa), el decreto presidencial que clasific\u00f3 varias obras prioritarias del sexenio anterior como de seguridad nacional y el llamado Plan B.<\/p>\n<p>\u201cLas coincidencias entre ataques y amenazas a la Judicatura federal, y a sus integrantes, y el leg\u00edtimo ejercicio de nuestra funci\u00f3n jurisdiccional, se hicieron patentes cuando frente a decisiones contrarias a los intereses del gobierno se nos llam\u00f3\u00a0traidores al pueblo\u00a0y abiertamente se nos acus\u00f3 de no ser parte, como adem\u00e1s no deb\u00eda ser por no corresponder a cada juzgador, de un proyecto pol\u00edtico dominante\u201d.<br \/>\nY a\u00f1adi\u00f3: \u201cCada vez que la Suprema Corte resolvi\u00f3 uno de esos casos, las y los Ministros que votamos en contra de lo que el gobierno percibi\u00f3 como contrario a su\u00a0proyecto pol\u00edtico, fuimos acusados de traidores, corruptos, aliados de minor\u00edas rapaces y de la delincuencia organizada y de cuello blanco, e incluso se realizaron alegor\u00edas en ata\u00fades de algunos de nosotros. Todo ello por ejercer nuestra funci\u00f3n como jueces y juezas constitucionales y de cara a la sociedad\u201d.<br \/>\nEn cambio, dijo, \u201ccuando la Corte resolv\u00eda casos de forma que se percib\u00eda favorable al gobierno, dichas resoluciones se celebraban p\u00fablicamente y, en estas ocasiones, se llamaba traidores a la patria y al pueblo a quienes hab\u00edan promovido medios constitucionales de defensa para controvertir pol\u00edticas, iniciativas o proyectos gubernamentales. Eso ocurri\u00f3, por ejemplo, cuando por no alcanzarse una mayor\u00eda calificada en el Pleno para declarar su invalidez en acciones de inconstitucionalidad, qued\u00f3 vigente la reforma en materia de industria el\u00e9ctrica\u201d.<\/p>\n","protected":false},"excerpt":{"rendered":"<p>Sin la presencia de los presidentes del Senado y de la C\u00e1mara de Diputados, as\u00ed como de la titular del Tribunal Electoral del Poder Judicial de la Federaci\u00f3n\u00a0(TEPJF), M\u00f3nica Soto, la presidenta de la Suprema Corte de Justicia de la Naci\u00f3n\u00a0(SCJN),\u00a0Norma Luc\u00eda Pi\u00f1a Hern\u00e1ndez\u00a0rinde este martes su segundo informe labores, que ser\u00e1 \u00faltimo debido a [&hellip;]<\/p>\n","protected":false},"author":8,"featured_media":47350,"comment_status":"closed","ping_status":"closed","sticky":false,"template":"","format":"standard","meta":{"footnotes":""},"categories":[55],"tags":[],"class_list":["post-47349","post","type-post","status-publish","format-standard","has-post-thumbnail","hentry","category-nacional"],"jetpack-related-posts":[],"_links":{"self":[{"href":"https:\/\/circulorojoslp.com\/index.php?rest_route=\/wp\/v2\/posts\/47349"}],"collection":[{"href":"https:\/\/circulorojoslp.com\/index.php?rest_route=\/wp\/v2\/posts"}],"about":[{"href":"https:\/\/circulorojoslp.com\/index.php?rest_route=\/wp\/v2\/types\/post"}],"author":[{"embeddable":true,"href":"https:\/\/circulorojoslp.com\/index.php?rest_route=\/wp\/v2\/users\/8"}],"replies":[{"embeddable":true,"href":"https:\/\/circulorojoslp.com\/index.php?rest_route=%2Fwp%2Fv2%2Fcomments&post=47349"}],"version-history":[{"count":0,"href":"https:\/\/circulorojoslp.com\/index.php?rest_route=\/wp\/v2\/posts\/47349\/revisions"}],"wp:featuredmedia":[{"embeddable":true,"href":"https:\/\/circulorojoslp.com\/index.php?rest_route=\/wp\/v2\/media\/47350"}],"wp:attachment":[{"href":"https:\/\/circulorojoslp.com\/index.php?rest_route=%2Fwp%2Fv2%2Fmedia&parent=47349"}],"wp:term":[{"taxonomy":"category","embeddable":true,"href":"https:\/\/circulorojoslp.com\/index.php?rest_route=%2Fwp%2Fv2%2Fcategories&post=47349"},{"taxonomy":"post_tag","embeddable":true,"href":"https:\/\/circulorojoslp.com\/index.php?rest_route=%2Fwp%2Fv2%2Ftags&post=47349"}],"curies":[{"name":"wp","href":"https:\/\/api.w.org\/{rel}","templated":true}]}}