{"id":47211,"date":"2024-12-04T17:01:24","date_gmt":"2024-12-04T23:01:24","guid":{"rendered":"https:\/\/circulorojoslp.com\/?p=47211"},"modified":"2024-12-04T17:01:24","modified_gmt":"2024-12-04T23:01:24","slug":"fernandez-norona-vs-javier-corral-senadores-de-morena-se-enfrascan-en-cruce-de-criticas","status":"publish","type":"post","link":"https:\/\/circulorojoslp.com\/?p=47211","title":{"rendered":"Fern\u00e1ndez Noro\u00f1a vs Javier Corral: Senadores de Morena se enfrascan en cruce de cr\u00edticas"},"content":{"rendered":"<p>Gerardo Fern\u00e1ndez Noro\u00f1a critic\u00f3 a Javier Corral, ambos de Morena, por haber votado en contra de la desaparici\u00f3n de los organismos aut\u00f3nomos.<\/p>\n<p>El senador Javier Corral Jurado\u00a0lament\u00f3 la declaraci\u00f3n \u201cradical\u201d de\u00a0Gerardo Fern\u00e1ndez Noro\u00f1a\u00a0al llamarlo malagradecido por haber votado en contra de la desaparici\u00f3n de organismos aut\u00f3nomos; el presidente del Senado se desdijo y asegur\u00f3 que no tiene pleito con el chihuahuense.<br \/>\n\u201cSe arranc\u00f3 como es de costumbre e hizo esas descalificaciones. Yo tengo por \u00e9l un reconocimiento, en otras ocasiones ha sido generoso conmigo, ahora me sorprendi\u00f3 much\u00edsimo este se\u00f1alamiento\u201d, coment\u00f3 Corral en entrevista con medios de comunicaci\u00f3n.<br \/>\nDurante su videocharla de este martes 3 de diciembre,\u00a0Fern\u00e1ndez Noro\u00f1a\u00a0critic\u00f3 que el senador chihuahuense diera mensajes equ\u00edvocos con su voto en contra en la reforma aprobada el pasado jueves 28 de noviembre.<br \/>\n\u201cApenas se integra al movimiento y no quiere darse cuenta que manda mensajes equ\u00edvocos. Te acaban de salvar de que te metieran a la c\u00e1rcel porque Maru Campos, la gobernadora iba con todo, estuvo a punto, no debes mandar ning\u00fan mensaje equ\u00edvoco que pareciera, pues s\u00ed lo voy a decir, que pareciera que uno es malagradecido\u201d, dijo en la transmisi\u00f3n.<br \/>\n\u201cLamento las declaraciones de Gerardo, me parecen muy muy injustas hacia mi persona, yo no he venido a refugiarme, he venido a contribuir, a aportar mi experiencia y vengo como aliado pol\u00edtico. Renunci\u00e9 al PAN, no renunci\u00e9 a mis valores ni mis principios\u201d, dijo Corral Jurado en respuesta.<br \/>\nEl expanista reiter\u00f3 que desde que fue invitado a Morena por\u00a0la presidenta Claudia Sheiunbaum Pardo\u00a0fue claro en que no pod\u00eda compartir la reforma de los organismos aut\u00f3nomos \u201cporque yo contribu\u00ed a formarlos\u201d.<\/p>\n<p>Adem\u00e1s, asegur\u00f3 que tambi\u00e9n recibi\u00f3 comprensi\u00f3n de\u00a0Ad\u00e1n Augusto L\u00f3pez Hern\u00e1ndez, coordinador de Morena en el Senado.<br \/>\n\u201cEl coordinador parlamentario me ha respaldado, y ha sido comprensivo de una historia que tengo, estoy aqu\u00ed por las batallas que he dado, no por obediente.<br \/>\n\u201cEspero que en Morena no s\u00f3lo haya lugar para la reflexi\u00f3n, la cr\u00edtica y el disenso, me parece que debemos alejarnos de esta presentaci\u00f3n de ser un grupo cerrado que oye, calla y obedece, yo creo que eso no est\u00e1 en el esp\u00edritu de este movimiento\u201d.<br \/>\n\u00bfQu\u00e9 respondi\u00f3 Noro\u00f1a a Javier Corral?<br \/>\nTras la r\u00e9plica de Corral Jurado, el presidente del Senado asegur\u00f3 que s\u00f3lo sugiri\u00f3 que su actitud podr\u00eda interpretarse como malagradecido.<br \/>\n\u201cYo no dije que fuera un malagradecido, eso es una intriga que est\u00e1n planteando, yo dije que ser cuidadoso, nunca dije que fuera malagradecido, dije que puede malinterpretarse, que es diferente.<br \/>\n\u201cYo estoy de acuerdo que no es malagradecido y estoy de acuerdo que viene a sumar, y sostengo que cometi\u00f3 un error al votar en contra\u201d, coment\u00f3 en entrevista previa a recorrer una feria de artesan\u00eda chihuahuense en el Senado.<br \/>\nAdem\u00e1s,\u00a0acot\u00f3 que no tiene pleito con \u00e9l ni con alg\u00fan otro integrante de la bancada.<br \/>\n\u201cAdem\u00e1s, no nos vamos a pelear distinto, no es la primera vez que pensemos con matices diferentes. Siempre habr\u00e1 (diferencias), es un movimiento muy plural, de una diversidad muy grande y es natural que haya una diferencia, pero de ah\u00ed que me vaya a pelar con \u00e9l, a que vayamos a tener una confrontaci\u00f3n claro que no, hay un mar de distancia\u201d.<br \/>\nLos senadores quedaron de conversar ante la controversia.<\/p>\n","protected":false},"excerpt":{"rendered":"<p>Gerardo Fern\u00e1ndez Noro\u00f1a critic\u00f3 a Javier Corral, ambos de Morena, por haber votado en contra de la desaparici\u00f3n de los organismos aut\u00f3nomos. El senador Javier Corral Jurado\u00a0lament\u00f3 la declaraci\u00f3n \u201cradical\u201d de\u00a0Gerardo Fern\u00e1ndez Noro\u00f1a\u00a0al llamarlo malagradecido por haber votado en contra de la desaparici\u00f3n de organismos aut\u00f3nomos; el presidente del Senado se desdijo y asegur\u00f3 que [&hellip;]<\/p>\n","protected":false},"author":8,"featured_media":47212,"comment_status":"closed","ping_status":"closed","sticky":false,"template":"","format":"standard","meta":{"footnotes":""},"categories":[55],"tags":[],"class_list":["post-47211","post","type-post","status-publish","format-standard","has-post-thumbnail","hentry","category-nacional"],"jetpack-related-posts":[],"_links":{"self":[{"href":"https:\/\/circulorojoslp.com\/index.php?rest_route=\/wp\/v2\/posts\/47211"}],"collection":[{"href":"https:\/\/circulorojoslp.com\/index.php?rest_route=\/wp\/v2\/posts"}],"about":[{"href":"https:\/\/circulorojoslp.com\/index.php?rest_route=\/wp\/v2\/types\/post"}],"author":[{"embeddable":true,"href":"https:\/\/circulorojoslp.com\/index.php?rest_route=\/wp\/v2\/users\/8"}],"replies":[{"embeddable":true,"href":"https:\/\/circulorojoslp.com\/index.php?rest_route=%2Fwp%2Fv2%2Fcomments&post=47211"}],"version-history":[{"count":0,"href":"https:\/\/circulorojoslp.com\/index.php?rest_route=\/wp\/v2\/posts\/47211\/revisions"}],"wp:featuredmedia":[{"embeddable":true,"href":"https:\/\/circulorojoslp.com\/index.php?rest_route=\/wp\/v2\/media\/47212"}],"wp:attachment":[{"href":"https:\/\/circulorojoslp.com\/index.php?rest_route=%2Fwp%2Fv2%2Fmedia&parent=47211"}],"wp:term":[{"taxonomy":"category","embeddable":true,"href":"https:\/\/circulorojoslp.com\/index.php?rest_route=%2Fwp%2Fv2%2Fcategories&post=47211"},{"taxonomy":"post_tag","embeddable":true,"href":"https:\/\/circulorojoslp.com\/index.php?rest_route=%2Fwp%2Fv2%2Ftags&post=47211"}],"curies":[{"name":"wp","href":"https:\/\/api.w.org\/{rel}","templated":true}]}}