{"id":47199,"date":"2024-12-03T22:38:23","date_gmt":"2024-12-04T04:38:23","guid":{"rendered":"https:\/\/circulorojoslp.com\/?p=47199"},"modified":"2024-12-03T22:38:23","modified_gmt":"2024-12-04T04:38:23","slug":"pvem-respalda-las-acciones-del-gobierno-federal-que-fortalezca-la-posicion-de-mexico-en-el-escenario-global-ruth-gonzalez-silva","status":"publish","type":"post","link":"https:\/\/circulorojoslp.com\/?p=47199","title":{"rendered":"PVEM RESPALDA LAS ACCIONES DEL GOBIERNO FEDERAL QUE FORTALEZCA LA POSICI\u00d3N DE M\u00c9XICO EN EL ESCENARIO GLOBAL: RUTH GONZ\u00c1LEZ SILVA"},"content":{"rendered":"<p>La Senadora Ruth Gonz\u00e1lez Silva, destac\u00f3 la importancia de la colaboraci\u00f3n entre el Poder Legislativo y el Ejecutivo para garantizar que M\u00e9xico mantenga una pol\u00edtica exterior de Estado acorde con los retos y oportunidades del entorno internacional actual.<br \/>\nDesde tribuna, y durante la comparecencia de los subsecretarios de Relaciones Exteriores, Mar\u00eda Teresa Mercado P\u00e9rez, Raquel Serur Smeke, as\u00ed como Enrique Javier Ochoa Mart\u00ednez, la tambi\u00e9n presidenta de la Comisi\u00f3n de Relaciones Exteriores Am\u00e9rica del Norte en el Senado de la Rep\u00fablica, elogi\u00f3 la trayectoria diplom\u00e1tica de los tres integrantes, principalmente en su actuar por la defensa de la soberan\u00eda mexicana, adem\u00e1s se\u00f1al\u00f3 como fundamentales para catapultar la pol\u00edtica exterior humanista del segundo piso de la cuarta transformaci\u00f3n<br \/>\n\u201cReitero mi disposici\u00f3n y la del Grupo Parlamentario del Partido Verde<br \/>\nEcologista de M\u00e9xico, de colaborar con la Canciller\u00eda, as\u00ed como nuestra plena disposici\u00f3n al di\u00e1logo para fortalecer los esfuerzos de la diplomacia mexicana en favor de la instrumentaci\u00f3n de una pol\u00edtica de Estado; asimismo que fortalezcan la posici\u00f3n de nuestro pa\u00eds en el escenario global\u201d, expres\u00f3.<br \/>\nEn este sentido la legisladora por San Luis Potos\u00ed, se\u00f1al\u00f3 que Mar\u00eda Teresa Mercado P\u00e9rez, fue elegida por la Presidenta de la Rep\u00fablica por su destacada trayectoria diplom\u00e1tica, quien ser\u00e1 fundamental para consolidar una pol\u00edtica exterior mexicana feminista e incluyente, basada en el di\u00e1logo y la cooperaci\u00f3n internacional.<br \/>\nEn el caso de Raquel Serur Smeke, indic\u00f3 que fue elegida por su liderazgo y defensa de la soberan\u00eda nacional, quien ser\u00e1 clave para fortalecer la pol\u00edtica exterior mexicana y proteger los derechos de nuestros compatriotas en el extranjero.<br \/>\nFinalmente Ruth Gonz\u00e1lez Silva consider\u00f3 que Enrique Javier Ochoa Mart\u00ednez, por su destacada trayectoria y experiencia en derechos humanos, as\u00ed como importantes cargos en el cuerpo diplom\u00e1tico y consular, es muy destacado para defender los intereses nacionales y liderar negociaciones multilaterales en escenarios internacionales complejos.<br \/>\nGonz\u00e1lez Silva destac\u00f3 que la presidenta Claudia Sheinbaum, junto con el secretario de Relaciones Exteriores, Juan Ram\u00f3n de la Fuente, han conformado un equipo s\u00f3lido y experimentado para enfrentar los desaf\u00edos de una pol\u00edtica exterior activa y comprometida, donde cada uno de los subsecretarios cuenta con un amplio conocimiento de las materias que les han sido encomendadas.<br \/>\n\u201cEl Grupo Parlamentario del Partido Verde Ecologista de M\u00e9xico votara a favor del dictamen que nos ocupa y aprovecho esta alta tribuna para reiterar al secretario Juan Ram\u00f3n de la Fuente que en el Senado de laRep\u00fablica tendr\u00e1n siempre un aliado\u201d, concluy\u00f3.<\/p>\n","protected":false},"excerpt":{"rendered":"<p>La Senadora Ruth Gonz\u00e1lez Silva, destac\u00f3 la importancia de la colaboraci\u00f3n entre el Poder Legislativo y el Ejecutivo para garantizar que M\u00e9xico mantenga una pol\u00edtica exterior de Estado acorde con los retos y oportunidades del entorno internacional actual. Desde tribuna, y durante la comparecencia de los subsecretarios de Relaciones Exteriores, Mar\u00eda Teresa Mercado P\u00e9rez, Raquel [&hellip;]<\/p>\n","protected":false},"author":8,"featured_media":47200,"comment_status":"closed","ping_status":"closed","sticky":false,"template":"","format":"standard","meta":{"footnotes":""},"categories":[55],"tags":[],"class_list":["post-47199","post","type-post","status-publish","format-standard","has-post-thumbnail","hentry","category-nacional"],"jetpack-related-posts":[],"_links":{"self":[{"href":"https:\/\/circulorojoslp.com\/index.php?rest_route=\/wp\/v2\/posts\/47199"}],"collection":[{"href":"https:\/\/circulorojoslp.com\/index.php?rest_route=\/wp\/v2\/posts"}],"about":[{"href":"https:\/\/circulorojoslp.com\/index.php?rest_route=\/wp\/v2\/types\/post"}],"author":[{"embeddable":true,"href":"https:\/\/circulorojoslp.com\/index.php?rest_route=\/wp\/v2\/users\/8"}],"replies":[{"embeddable":true,"href":"https:\/\/circulorojoslp.com\/index.php?rest_route=%2Fwp%2Fv2%2Fcomments&post=47199"}],"version-history":[{"count":0,"href":"https:\/\/circulorojoslp.com\/index.php?rest_route=\/wp\/v2\/posts\/47199\/revisions"}],"wp:featuredmedia":[{"embeddable":true,"href":"https:\/\/circulorojoslp.com\/index.php?rest_route=\/wp\/v2\/media\/47200"}],"wp:attachment":[{"href":"https:\/\/circulorojoslp.com\/index.php?rest_route=%2Fwp%2Fv2%2Fmedia&parent=47199"}],"wp:term":[{"taxonomy":"category","embeddable":true,"href":"https:\/\/circulorojoslp.com\/index.php?rest_route=%2Fwp%2Fv2%2Fcategories&post=47199"},{"taxonomy":"post_tag","embeddable":true,"href":"https:\/\/circulorojoslp.com\/index.php?rest_route=%2Fwp%2Fv2%2Ftags&post=47199"}],"curies":[{"name":"wp","href":"https:\/\/api.w.org\/{rel}","templated":true}]}}