{"id":47126,"date":"2024-11-27T15:37:03","date_gmt":"2024-11-27T21:37:03","guid":{"rendered":"https:\/\/circulorojoslp.com\/?p=47126"},"modified":"2024-11-27T15:37:03","modified_gmt":"2024-11-27T21:37:03","slug":"ella-es-marisela-morales-primera-mujer-titular-de-la-pgr-senalada-por-presuntas-irregularidades-buscar-ser-ministra-de-la-scjn","status":"publish","type":"post","link":"https:\/\/circulorojoslp.com\/?p=47126","title":{"rendered":"Ella es Marisela Morales, primera mujer titular de la PGR, se\u00f1alada por presuntas irregularidades; buscar ser ministra de la SCJN"},"content":{"rendered":"<p>Marisela Morales Ib\u00e1\u00f1ez busca ser ministra de la Corte. Foto: captura de pantalla Tras la pol\u00e9mica sobre la\u00a0elecci\u00f3n\u00a0para renovar al\u00a0Poder Judicial de la Federaci\u00f3n\u00a0(PJF), se dio a conocer que entre los candidatos a ministros de la Suprema Corte de Justicia de la Naci\u00f3n (SCJN) se encuentra\u00a0Marisela Morales Ib\u00e1\u00f1ez, extitular de la extinta Procuradur\u00eda General de la Rep\u00fablica (PGR) en el sexenio de\u00a0Felipe Calder\u00f3n Hinojosa.<br \/>\nEn entrevista con Ciro G\u00f3mez Leyva, la exprocuradora declar\u00f3 que \u201ces importante participar y confiar, tengo mucho reconocimiento a los tres poderes de la Uni\u00f3n. El Poder Judicial ahora enfrenta\u00a0nuevos retos\u00a0y es una evoluci\u00f3n y una transformaci\u00f3n de los poderes\u201d.<br \/>\n\u00bfQui\u00e9n es Marisela Morales Ib\u00e1\u00f1ez?<br \/>\nMarisela Morales Ib\u00e1\u00f1ez es licenciada en Derecho por la Universidad Nacional Aut\u00f3noma de M\u00e9xico (UNAM) y Maestra en Ciencias Penales por el Instituto Nacional de Ciencias Penales.<br \/>\nCuenta con un diplomado en amparo y garant\u00edas individuales por la Universidad Latinoamericana y otro en juicios orales por el Instituto Nacional de Ciencias Penales.<br \/>\nAsimismo, realiz\u00f3 un Master en Migraci\u00f3n, G\u00e9nero, Modelos Familiares y Estrategias de Integraci\u00f3n, en la Universidad de Pav\u00eda, Italia.<br \/>\nDesde 1988, dedic\u00f3 su carrera profesional a la Procuraci\u00f3n de Justicia, inici\u00e1ndose como defensora de oficio y agente del Ministerio P\u00fablico en la Procuradur\u00eda General de Justicia del Distrito Federal.<br \/>\nOcup\u00f3 diversos cargos en la Procuradur\u00eda General de la Rep\u00fablica, hasta ser nombrada en 2011,\u00a0Procuradora General de la Rep\u00fablica, siendo la\u00a0primera mujer\u00a0y la primer Ministerio P\u00fablico de carrera en la historia de esta Instituci\u00f3n en ocupar dicho cargo.<\/p>\n<p>Ha recibido m\u00faltiples distinciones por su desempe\u00f1o profesional, destacando entre ellos: el \u201cPremio Internacional a las Mujeres de Valent\u00eda\u201d, otorgado por el Gobierno de los Estados Unidos de Am\u00e9rica, de manos de la entonces secretaria de Estado\u00a0Hillary Clinton\u00a0y de la primera dama\u00a0Michelle Obama; la Medalla \u201cMayor Pedro Alejandro Rojas Betancourt\u201d, concedida por el Gobierno de Colombia por su destacada y eficiente colaboraci\u00f3n en el Combate a la delincuencia organizada y el narcotr\u00e1fico.<br \/>\nReconocimientos por parte de la Coalici\u00f3n Regional Contra el Tr\u00e1fico de Mujeres y Ni\u00f1as en Am\u00e9rica Latina y el Caribe, por sus esfuerzos sostenidos en la persecuci\u00f3n del delito de trata de mujeres y ni\u00f1as de M\u00e9xico.<br \/>\nFue condecorada por el Consejo Nacional de la Abogac\u00eda, con la medalla \u201cIgnacio L. Vallarta\u201d, por su destacada trayectoria en el \u00e1mbito del derecho.<\/p>\n<p>Es acad\u00e9mica de N\u00famero de la Academia Nacional de Historia y Geograf\u00eda y miembro de la Legi\u00f3n de Honor Nacional de M\u00e9xico. As\u00ed como miembro distinguido de la Fundaci\u00f3n Reforma Ideol\u00f3gica.<br \/>\nDe junio del 2013 a noviembre del 2018 se desempe\u00f1\u00f3 como titular del\u00a0Consulado de M\u00e9xico en Mil\u00e1n, Italia. En dicho pa\u00eds recibi\u00f3 el t\u00edtulo de Embajadora por los Derechos Humanos de la \u201cAssociazione per i Diritti Umani e la Tolleranza\u201d y fue designada Presidenta del Grupo Consular de Am\u00e9rica Latina y el Caribe en el norte de Italia, constituido en marzo del 2016, del cual actualmente es socia fundadora y honoraria.<br \/>\nTambi\u00e9n es socia de la Federaci\u00f3n Nacional de C\u00f3nsules en Italia (FENCO) participando en Conferencias y en la Comisi\u00f3n de Mediaci\u00f3n.<br \/>\nMarisela Morales es se\u00f1alada por presuntas irregularidades<br \/>\nEn 2015, el entonces procurador\u00a0Jes\u00fas Murillo Karam, quien actualmente lleva un proceso penal por el caso Ayotzinapa, confirm\u00f3 que\u00a0Morales Ib\u00e1\u00f1ez fue investigada por presuntas irregularidades\u00a0en el cobro de recompensas destinadas a capturar capos del crimen organizado.<br \/>\nPor este hecho, no se comprob\u00f3 un desv\u00edo, pero la investigaci\u00f3n gener\u00f3 dudas sobre su\u00a0manejo de recursos.<\/p>\n","protected":false},"excerpt":{"rendered":"<p>Marisela Morales Ib\u00e1\u00f1ez busca ser ministra de la Corte. Foto: captura de pantalla Tras la pol\u00e9mica sobre la\u00a0elecci\u00f3n\u00a0para renovar al\u00a0Poder Judicial de la Federaci\u00f3n\u00a0(PJF), se dio a conocer que entre los candidatos a ministros de la Suprema Corte de Justicia de la Naci\u00f3n (SCJN) se encuentra\u00a0Marisela Morales Ib\u00e1\u00f1ez, extitular de la extinta Procuradur\u00eda General de [&hellip;]<\/p>\n","protected":false},"author":8,"featured_media":47127,"comment_status":"closed","ping_status":"closed","sticky":false,"template":"","format":"standard","meta":{"footnotes":""},"categories":[55],"tags":[],"class_list":["post-47126","post","type-post","status-publish","format-standard","has-post-thumbnail","hentry","category-nacional"],"jetpack-related-posts":[],"_links":{"self":[{"href":"https:\/\/circulorojoslp.com\/index.php?rest_route=\/wp\/v2\/posts\/47126"}],"collection":[{"href":"https:\/\/circulorojoslp.com\/index.php?rest_route=\/wp\/v2\/posts"}],"about":[{"href":"https:\/\/circulorojoslp.com\/index.php?rest_route=\/wp\/v2\/types\/post"}],"author":[{"embeddable":true,"href":"https:\/\/circulorojoslp.com\/index.php?rest_route=\/wp\/v2\/users\/8"}],"replies":[{"embeddable":true,"href":"https:\/\/circulorojoslp.com\/index.php?rest_route=%2Fwp%2Fv2%2Fcomments&post=47126"}],"version-history":[{"count":0,"href":"https:\/\/circulorojoslp.com\/index.php?rest_route=\/wp\/v2\/posts\/47126\/revisions"}],"wp:featuredmedia":[{"embeddable":true,"href":"https:\/\/circulorojoslp.com\/index.php?rest_route=\/wp\/v2\/media\/47127"}],"wp:attachment":[{"href":"https:\/\/circulorojoslp.com\/index.php?rest_route=%2Fwp%2Fv2%2Fmedia&parent=47126"}],"wp:term":[{"taxonomy":"category","embeddable":true,"href":"https:\/\/circulorojoslp.com\/index.php?rest_route=%2Fwp%2Fv2%2Fcategories&post=47126"},{"taxonomy":"post_tag","embeddable":true,"href":"https:\/\/circulorojoslp.com\/index.php?rest_route=%2Fwp%2Fv2%2Ftags&post=47126"}],"curies":[{"name":"wp","href":"https:\/\/api.w.org\/{rel}","templated":true}]}}