{"id":47122,"date":"2024-11-27T15:28:00","date_gmt":"2024-11-27T21:28:00","guid":{"rendered":"https:\/\/circulorojoslp.com\/?p=47122"},"modified":"2024-11-27T15:28:00","modified_gmt":"2024-11-27T21:28:00","slug":"aprueban-en-comisiones-desaparecer-organismos-autonomos-entre-ellos-inai-e-ift","status":"publish","type":"post","link":"https:\/\/circulorojoslp.com\/?p=47122","title":{"rendered":"Aprueban en Comisiones desaparecer organismos aut\u00f3nomos, entre ellos INAI e IFT"},"content":{"rendered":"<p>La iniciativa avanz\u00f3 en Comisiones del Senado en medio de un intenso debate que evidenci\u00f3 profundas divisiones entre las bancadas de Morena y la oposici\u00f3n<\/p>\n<p>El Senado de la Rep\u00fablica aprob\u00f3 este mi\u00e9rcoles, en las comisiones unidas de Puntos Constitucionales y Estudios Legislativos, con 25 votos a favor y 11 en contra, el dictamen de reforma que modifica 14 art\u00edculos de la constituci\u00f3n.<br \/>\nDicho dictamen propone la desaparici\u00f3n de siete organismos aut\u00f3nomos, como el INAI y el IFT, la iniciativa avanz\u00f3 en medio de un intenso debate que evidenci\u00f3 profundas divisiones entre las bancadas de Morena y la oposici\u00f3n.<\/p>\n<p>El alcance de la reforma<br \/>\nLa reforma plantea eliminar organismos como el Instituto Nacional de Transparencia, Acceso a la Informaci\u00f3n y Protecci\u00f3n de Datos Personales (INAI), la Comisi\u00f3n Federal de Competencia Econ\u00f3mica (Cofece) y el Instituto Federal de Telecomunicaciones (IFT), entre otros, para centralizar sus atribuciones en dependencias como la Secretar\u00eda de Econom\u00eda, la Secretar\u00eda de Energ\u00eda y la Secretar\u00eda de la Funci\u00f3n P\u00fablica.<br \/>\nEl objetivo oficial es reducir el gasto p\u00fablico y evitar duplicidades administrativas, pero para la oposici\u00f3n y diversos analistas, este cambio implica una preocupante concentraci\u00f3n de poder en el Ejecutivo, adem\u00e1s de posibles violaciones a tratados internacionales como el T-MEC y acuerdos con la Uni\u00f3n Europea.<br \/>\nDefensa oficial: \u201cRestauraci\u00f3n del r\u00e9gimen republicano\u201d<br \/>\nEl coordinador de los diputados de Morena, Ignacio Mier Velazco, defendi\u00f3 la extinci\u00f3n de los organismos aut\u00f3nomos, argumentando que estos sirvieron durante a\u00f1os para beneficiar a intereses privados y extranjeros. Mier calific\u00f3 la reforma como una \u201crestauraci\u00f3n del r\u00e9gimen republicano de divisi\u00f3n de poderes\u201d y un paso hacia la justicia social.<br \/>\n\u201cHoy estamos desmantelando las estructuras que durante 30 a\u00f1os sirvieron a la oligarqu\u00eda y no al pueblo de M\u00e9xico. Este cambio garantiza que las instituciones trabajen en favor de las y los mexicanos\u201d, afirm\u00f3 Mier.<br \/>\nEl legislador sostuvo que la desaparici\u00f3n de los organismos permitir\u00e1 redirigir recursos hacia programas sociales, asegurando que casi un bill\u00f3n de pesos se destinen a 23 millones de familias mexicanas.<br \/>\nOposici\u00f3n: \u201cDestrucci\u00f3n institucional sin an\u00e1lisis de fondo\u201d<br \/>\nPor su parte, senadores de Movimiento Ciudadano, encabezados por Alejandra Barrales, calificaron la reforma como \u201cel proceso de destrucci\u00f3n institucional m\u00e1s grande de la era moderna\u201d.<br \/>\nBarrales critic\u00f3 que la eliminaci\u00f3n de los organismos aut\u00f3nomos carece de un diagn\u00f3stico s\u00f3lido y que las decisiones se est\u00e1n tomando con base en argumentos enga\u00f1osos.<br \/>\nNo hay un an\u00e1lisis de fondo que justifique esta reforma. Lo que se propone es concentrar funciones en el Ejecutivo, destruyendo instituciones que costaron a\u00f1os de di\u00e1logo y luchas democr\u00e1ticas construir\u201d, declar\u00f3.<br \/>\nLa senadora tambi\u00e9n advirti\u00f3 sobre las implicaciones econ\u00f3micas y legales, se\u00f1alando que la desaparici\u00f3n de organismos como el INAI podr\u00eda comprometer tratados internacionales como el T-MEC y acuerdos con la Uni\u00f3n Europea.<br \/>\nPRI: errores y riesgos internacionales<br \/>\nClaudia Anaya, del PRI, se sum\u00f3 a las cr\u00edticas, destacando errores t\u00e9cnicos en el dictamen y alertando sobre la falta de claridad en las leyes secundarias. Seg\u00fan Anaya, estos problemas podr\u00edan generar incertidumbre jur\u00eddica y afectar la inversi\u00f3n en el pa\u00eds.<br \/>\nEstamos legislando a marchas forzadas y esto provoca errores graves. No hay claridad sobre c\u00f3mo se manejar\u00e1n las funciones de los organismos desaparecidos ni garant\u00edas de que se cumplan los compromisos internacionales\u201d, subray\u00f3.<br \/>\nAnaya advirti\u00f3 que la desaparici\u00f3n del INAI, adem\u00e1s de afectar la transparencia, pone en riesgo la salvaguarda de los datos personales, un requisito fundamental para mantener acuerdos comerciales con Europa.<br \/>\nEl debate contin\u00faa<br \/>\nLa reforma, impulsada por Morena como una medida de austeridad y transformaci\u00f3n administrativa, ha polarizado a los legisladores y gener\u00f3 cuestionamientos por parte de expertos y organizaciones civiles. La discusi\u00f3n se trasladar\u00e1 ahora al pleno del Senado, donde se espera un debate igual de intenso antes de su votaci\u00f3n definitiva.<\/p>\n","protected":false},"excerpt":{"rendered":"<p>La iniciativa avanz\u00f3 en Comisiones del Senado en medio de un intenso debate que evidenci\u00f3 profundas divisiones entre las bancadas de Morena y la oposici\u00f3n El Senado de la Rep\u00fablica aprob\u00f3 este mi\u00e9rcoles, en las comisiones unidas de Puntos Constitucionales y Estudios Legislativos, con 25 votos a favor y 11 en contra, el dictamen de [&hellip;]<\/p>\n","protected":false},"author":8,"featured_media":47123,"comment_status":"closed","ping_status":"closed","sticky":false,"template":"","format":"standard","meta":{"footnotes":""},"categories":[55],"tags":[],"class_list":["post-47122","post","type-post","status-publish","format-standard","has-post-thumbnail","hentry","category-nacional"],"jetpack-related-posts":[],"_links":{"self":[{"href":"https:\/\/circulorojoslp.com\/index.php?rest_route=\/wp\/v2\/posts\/47122"}],"collection":[{"href":"https:\/\/circulorojoslp.com\/index.php?rest_route=\/wp\/v2\/posts"}],"about":[{"href":"https:\/\/circulorojoslp.com\/index.php?rest_route=\/wp\/v2\/types\/post"}],"author":[{"embeddable":true,"href":"https:\/\/circulorojoslp.com\/index.php?rest_route=\/wp\/v2\/users\/8"}],"replies":[{"embeddable":true,"href":"https:\/\/circulorojoslp.com\/index.php?rest_route=%2Fwp%2Fv2%2Fcomments&post=47122"}],"version-history":[{"count":0,"href":"https:\/\/circulorojoslp.com\/index.php?rest_route=\/wp\/v2\/posts\/47122\/revisions"}],"wp:featuredmedia":[{"embeddable":true,"href":"https:\/\/circulorojoslp.com\/index.php?rest_route=\/wp\/v2\/media\/47123"}],"wp:attachment":[{"href":"https:\/\/circulorojoslp.com\/index.php?rest_route=%2Fwp%2Fv2%2Fmedia&parent=47122"}],"wp:term":[{"taxonomy":"category","embeddable":true,"href":"https:\/\/circulorojoslp.com\/index.php?rest_route=%2Fwp%2Fv2%2Fcategories&post=47122"},{"taxonomy":"post_tag","embeddable":true,"href":"https:\/\/circulorojoslp.com\/index.php?rest_route=%2Fwp%2Fv2%2Ftags&post=47122"}],"curies":[{"name":"wp","href":"https:\/\/api.w.org\/{rel}","templated":true}]}}