{"id":47059,"date":"2024-11-22T14:18:00","date_gmt":"2024-11-22T20:18:00","guid":{"rendered":"https:\/\/circulorojoslp.com\/?p=47059"},"modified":"2024-11-22T14:18:00","modified_gmt":"2024-11-22T20:18:00","slug":"presidencia-califica-como-innecesaria-la-prorroga-para-elecciones-judiciales","status":"publish","type":"post","link":"https:\/\/circulorojoslp.com\/?p=47059","title":{"rendered":"Presidencia califica como innecesaria la pr\u00f3rroga para elecciones judiciales"},"content":{"rendered":"<p>Aunque Sheinbaum Pardo dijo que, a su consideraci\u00f3n, no es necesaria la pr\u00f3rroga, pidi\u00f3 a la secretaria de Gobernaci\u00f3n, Rosa Icela Rodr\u00edguez entablar un di\u00e1logo con el INE<\/p>\n<p>Para el Gobierno federal no es necesaria una pr\u00f3rroga de la elecci\u00f3n judicial, la cual est\u00e1 programada para el 1 de junio de 2025. As\u00ed lo sostuvo la presidenta Claudia Sheinbaum, quien adelant\u00f3 que de todos modos se va a escuchar al INE, instituci\u00f3n encargada de desarrollar los comicios.<br \/>\n\u201cDesde nuestra perspectiva no es necesario, pero de todos modos hay que escuchar al INE porque ellos son los que van a desarrollar la elecci\u00f3n\u201d, dijo la Presidenta en su conferencia matutina.<\/p>\n<p>Aunque Sheinbaum Pardo dijo que, a su consideraci\u00f3n, no es necesaria la pr\u00f3rroga, pidi\u00f3 a la secretaria de Gobernaci\u00f3n, Rosa Icela Rodr\u00edguez entablar un di\u00e1logo con el INE, para escuchar sus preocupaciones.<\/p>\n<p>La elecci\u00f3n judicial ser\u00e1 un proceso electoral in\u00e9dito mediante el cual se elegir\u00e1n por voto popular a ministros, jueces y magistrados del Poder Judicial. Esto a ra\u00edz de la reforma judicial aprobada en septiembre y sus leyes secundarias publicadas en octubre. La idea original fue del expresidente L\u00f3pez Obrador.<br \/>\nSin embargo, el pasado mi\u00e9rcoles el Instituto Nacional Electoral (INE) solicit\u00f3 una pr\u00f3rroga de 90 d\u00edas para poder realizar con efectividad la elecci\u00f3n judicial. A trav\u00e9s de un oficio de la Secretar\u00eda Ejecutiva del INE, el instituto solicit\u00f3 el retraso de los comicios debido a que las resoluciones judiciales han generado contratiempos para organizar la elecci\u00f3n. Estos contratiempos suman alrededor de dos meses.<br \/>\nDe acuerdo con los art\u00edculos transitorios de la Constituci\u00f3n -modificada con la reforma judicial- las elecciones de ministros, jueces y magistrados se llevar\u00e1n a cabo en un proceso electoral extraordinario programado para el primer domingo de junio de 2025 en donde se renovar\u00e1n la mitad de cargos en el Poder Judicial. La otra mitad se renovar\u00e1n en los comicios concurrentes de 2027.<br \/>\nSe prev\u00e9 que en el 2025 se vote para elegir a cinco ministras y cuatro ministros de la Suprema Corte de Justicia de la Naci\u00f3n (SCJN); tres magistradas y dos magistrados del Tribunal de Disciplina Judicial (TDJ); dos magistraturas de la Sala Superior del Tribunal Electoral del Poder Judicial de la Federaci\u00f3n (TEPJF); 10 magistradas y cinco magistrados para Salas Regionales del TEPJF, as\u00ed como 464 magistrados y magistradas de Tribunales de Circuito; 386 juezas y jueces en Juzgados Federales.<br \/>\nA la petici\u00f3n del INE para postergar las elecciones judiciales el Senado respondi\u00f3 con una negativa debido a que para prorrogar las elecciones se tendr\u00eda que reformar nuevamente la Constituci\u00f3n.<br \/>\nActualmente dicho proceso electoral se encuentra en la recepci\u00f3n de solicitudes de las y los aspirantes a contender por un cargo en el Poder Judicial. Las inscripciones son recibidas por Comit\u00e9s de Evaluaci\u00f3n, uno por cada Poder de la Uni\u00f3n: Ejecutivo, Legislativo y Judicial.<br \/>\nCada comit\u00e9 se encargar\u00e1 de revisar la idoneidad de las y los aspirantes y elegir mediante un sorteo al azar a los candidatos finales que aparecer\u00e1n en la boleta.<\/p>\n","protected":false},"excerpt":{"rendered":"<p>Aunque Sheinbaum Pardo dijo que, a su consideraci\u00f3n, no es necesaria la pr\u00f3rroga, pidi\u00f3 a la secretaria de Gobernaci\u00f3n, Rosa Icela Rodr\u00edguez entablar un di\u00e1logo con el INE Para el Gobierno federal no es necesaria una pr\u00f3rroga de la elecci\u00f3n judicial, la cual est\u00e1 programada para el 1 de junio de 2025. As\u00ed lo sostuvo [&hellip;]<\/p>\n","protected":false},"author":8,"featured_media":47060,"comment_status":"closed","ping_status":"closed","sticky":false,"template":"","format":"standard","meta":{"footnotes":""},"categories":[55],"tags":[],"class_list":["post-47059","post","type-post","status-publish","format-standard","has-post-thumbnail","hentry","category-nacional"],"jetpack-related-posts":[],"_links":{"self":[{"href":"https:\/\/circulorojoslp.com\/index.php?rest_route=\/wp\/v2\/posts\/47059"}],"collection":[{"href":"https:\/\/circulorojoslp.com\/index.php?rest_route=\/wp\/v2\/posts"}],"about":[{"href":"https:\/\/circulorojoslp.com\/index.php?rest_route=\/wp\/v2\/types\/post"}],"author":[{"embeddable":true,"href":"https:\/\/circulorojoslp.com\/index.php?rest_route=\/wp\/v2\/users\/8"}],"replies":[{"embeddable":true,"href":"https:\/\/circulorojoslp.com\/index.php?rest_route=%2Fwp%2Fv2%2Fcomments&post=47059"}],"version-history":[{"count":0,"href":"https:\/\/circulorojoslp.com\/index.php?rest_route=\/wp\/v2\/posts\/47059\/revisions"}],"wp:featuredmedia":[{"embeddable":true,"href":"https:\/\/circulorojoslp.com\/index.php?rest_route=\/wp\/v2\/media\/47060"}],"wp:attachment":[{"href":"https:\/\/circulorojoslp.com\/index.php?rest_route=%2Fwp%2Fv2%2Fmedia&parent=47059"}],"wp:term":[{"taxonomy":"category","embeddable":true,"href":"https:\/\/circulorojoslp.com\/index.php?rest_route=%2Fwp%2Fv2%2Fcategories&post=47059"},{"taxonomy":"post_tag","embeddable":true,"href":"https:\/\/circulorojoslp.com\/index.php?rest_route=%2Fwp%2Fv2%2Ftags&post=47059"}],"curies":[{"name":"wp","href":"https:\/\/api.w.org\/{rel}","templated":true}]}}