{"id":46944,"date":"2024-11-14T14:08:19","date_gmt":"2024-11-14T20:08:19","guid":{"rendered":"https:\/\/circulorojoslp.com\/?p=46944"},"modified":"2024-11-14T14:08:19","modified_gmt":"2024-11-14T20:08:19","slug":"sheinbaum-niega-que-amlo-este-detras-de-la-reeleccion-de-rosario-piedra-en-la-cndh-pide-respeto-para-la-funcionaria","status":"publish","type":"post","link":"https:\/\/circulorojoslp.com\/?p=46944","title":{"rendered":"Sheinbaum niega que AMLO est\u00e9 detr\u00e1s de la reelecci\u00f3n de Rosario Piedra en la CNDH; pide respeto para la funcionaria"},"content":{"rendered":"<p>Claudia Sheinbaum expres\u00f3 su respaldo a Rosario Piedra.\u00a0 Tras las cr\u00edticas generadas por la continuidad de Rosario Piedra Ibarra\u00a0en la Comisi\u00f3n Nacional de Derechos Humanos\u00a0(CNDH), la presidenta\u00a0Claudia Sheinbaum, llam\u00f3 al respeto para la funcionaria, a la vez asegur\u00f3 que la comisi\u00f3n se reforzar\u00e1 en los a\u00f1os siguientes.<br \/>\n\u201cRespeto a Rosario (Piedra) la titular de la Comisi\u00f3n Nacional de Derechos Humanos, que se fortalezca la Comisi\u00f3n para la defensa de los derechos humanos\u201d, resalt\u00f3.<br \/>\nDurante su conferencia \u2018ma\u00f1anera\u2019, la mandataria descart\u00f3 que la reelecci\u00f3n de Rosario Piedra Ibarra en la Comisi\u00f3n Nacional de Derechos Humanos, fuera una decisi\u00f3n del expresidente\u00a0Andr\u00e9s Manuel L\u00f3pez Obrador.<br \/>\n\u201cAhora resulta que desde Palenque, L\u00f3pez Obrador, est\u00e1n dict\u00e1ndole a los senadores y senadoras quien va ser la presidenta de la Comisi\u00f3n Nacional de los Derechos Humanos; ya se retir\u00f3 de la vida p\u00fablica, est\u00e1 escribiendo su libro, est\u00e1 en otras tareas de la transformaci\u00f3n\u201d, expuso.<br \/>\nEn tanto, la presidenta Claudia Sheinbaum, expres\u00f3 su respaldo a Rosario Piedra, quien est\u00e1 seguir\u00e1 en la Comisi\u00f3n Nacional de Derechos Humanos, dado que es de la generaci\u00f3n que luch\u00f3 contra las desapariciones forzadas del Estado.<\/p>\n<p>Sheinbaum niega que AMLO est\u00e9 detr\u00e1s de la reelecci\u00f3n de Rosario Piedra en la CNDH; pide respeto para la funcionaria<\/p>\n","protected":false},"excerpt":{"rendered":"<p>Claudia Sheinbaum expres\u00f3 su respaldo a Rosario Piedra.\u00a0 Tras las cr\u00edticas generadas por la continuidad de Rosario Piedra Ibarra\u00a0en la Comisi\u00f3n Nacional de Derechos Humanos\u00a0(CNDH), la presidenta\u00a0Claudia Sheinbaum, llam\u00f3 al respeto para la funcionaria, a la vez asegur\u00f3 que la comisi\u00f3n se reforzar\u00e1 en los a\u00f1os siguientes. \u201cRespeto a Rosario (Piedra) la titular de la [&hellip;]<\/p>\n","protected":false},"author":8,"featured_media":46945,"comment_status":"closed","ping_status":"closed","sticky":false,"template":"","format":"standard","meta":{"footnotes":""},"categories":[55],"tags":[],"class_list":["post-46944","post","type-post","status-publish","format-standard","has-post-thumbnail","hentry","category-nacional"],"jetpack-related-posts":[],"_links":{"self":[{"href":"https:\/\/circulorojoslp.com\/index.php?rest_route=\/wp\/v2\/posts\/46944"}],"collection":[{"href":"https:\/\/circulorojoslp.com\/index.php?rest_route=\/wp\/v2\/posts"}],"about":[{"href":"https:\/\/circulorojoslp.com\/index.php?rest_route=\/wp\/v2\/types\/post"}],"author":[{"embeddable":true,"href":"https:\/\/circulorojoslp.com\/index.php?rest_route=\/wp\/v2\/users\/8"}],"replies":[{"embeddable":true,"href":"https:\/\/circulorojoslp.com\/index.php?rest_route=%2Fwp%2Fv2%2Fcomments&post=46944"}],"version-history":[{"count":0,"href":"https:\/\/circulorojoslp.com\/index.php?rest_route=\/wp\/v2\/posts\/46944\/revisions"}],"wp:featuredmedia":[{"embeddable":true,"href":"https:\/\/circulorojoslp.com\/index.php?rest_route=\/wp\/v2\/media\/46945"}],"wp:attachment":[{"href":"https:\/\/circulorojoslp.com\/index.php?rest_route=%2Fwp%2Fv2%2Fmedia&parent=46944"}],"wp:term":[{"taxonomy":"category","embeddable":true,"href":"https:\/\/circulorojoslp.com\/index.php?rest_route=%2Fwp%2Fv2%2Fcategories&post=46944"},{"taxonomy":"post_tag","embeddable":true,"href":"https:\/\/circulorojoslp.com\/index.php?rest_route=%2Fwp%2Fv2%2Ftags&post=46944"}],"curies":[{"name":"wp","href":"https:\/\/api.w.org\/{rel}","templated":true}]}}