{"id":46900,"date":"2024-11-12T16:19:23","date_gmt":"2024-11-12T22:19:23","guid":{"rendered":"https:\/\/circulorojoslp.com\/?p=46900"},"modified":"2024-11-12T16:19:23","modified_gmt":"2024-11-12T22:19:23","slug":"sheinbaum-e-ip-firman-acuerdo-contra-la-inflacion-cuanto-costara-la-canasta-basica","status":"publish","type":"post","link":"https:\/\/circulorojoslp.com\/?p=46900","title":{"rendered":"Sheinbaum e IP firman acuerdo contra la inflaci\u00f3n: \u00bfCu\u00e1nto costar\u00e1 la canasta b\u00e1sica?"},"content":{"rendered":"<p>La presidenta Claudia Sheinbaum y empresas han firmado un acuerdo para tener un precio fijo de la canasta b\u00e1sica.<\/p>\n<p>La presidenta de M\u00e9xico,\u00a0Claudia Sheinbaum, ha firmado este martes un acuerdo para mantener el control de precios de la canasta b\u00e1sica. El Paquete contra la Inflaci\u00f3n y la Carest\u00eda (PACIC) 2024-2025 fue firmado por la mandataria y empresas productoras.<br \/>\nDesde su cuenta de X (antes Twitter), Sheinbaum apunt\u00f3 que ahora los 24 productos de la canasta b\u00e1sica en su conjunto tendr\u00e1n un precio total fijo de 910 pesos.<br \/>\n\u201cEl compromiso es fijar el precio m\u00e1ximo en 910 pesos; esto representa 129 pesos de reducci\u00f3n respecto al acuerdo anterior, que fue de mil 39 pesos. Agradecemos esta importante colaboraci\u00f3n en apoyo a la econom\u00eda popular\u201d, apunt\u00f3.<\/p>\n<p>El PACIC\u00a0ha sido un plan de gobierno, implementado durante el sexenio de Andr\u00e9s Manuel L\u00f3pez Obrador, ante la alta inflaci\u00f3n y el alza de precios. El plan contuvo el costo de los productos de la canasta b\u00e1sica. Este programa comenz\u00f3 en mayo de 2022 (durante la pandemia de COVID-19) y se renov\u00f3 en tres ocasiones.<\/p>\n<p>De acuerdo con los datos m\u00e1s recientes del INEGI, la\u00a0inflaci\u00f3n en M\u00e9xico\u00a0rompi\u00f3 una racha de dos meses moder\u00e1ndose. En octubre, la inflaci\u00f3n salt\u00f3 a 4.76 por ciento anual, impulsada por los precios de las frutas y las verduras.<\/p>\n","protected":false},"excerpt":{"rendered":"<p>La presidenta Claudia Sheinbaum y empresas han firmado un acuerdo para tener un precio fijo de la canasta b\u00e1sica. La presidenta de M\u00e9xico,\u00a0Claudia Sheinbaum, ha firmado este martes un acuerdo para mantener el control de precios de la canasta b\u00e1sica. El Paquete contra la Inflaci\u00f3n y la Carest\u00eda (PACIC) 2024-2025 fue firmado por la mandataria [&hellip;]<\/p>\n","protected":false},"author":8,"featured_media":46901,"comment_status":"closed","ping_status":"closed","sticky":false,"template":"","format":"standard","meta":{"footnotes":""},"categories":[55],"tags":[],"class_list":["post-46900","post","type-post","status-publish","format-standard","has-post-thumbnail","hentry","category-nacional"],"jetpack-related-posts":[],"_links":{"self":[{"href":"https:\/\/circulorojoslp.com\/index.php?rest_route=\/wp\/v2\/posts\/46900"}],"collection":[{"href":"https:\/\/circulorojoslp.com\/index.php?rest_route=\/wp\/v2\/posts"}],"about":[{"href":"https:\/\/circulorojoslp.com\/index.php?rest_route=\/wp\/v2\/types\/post"}],"author":[{"embeddable":true,"href":"https:\/\/circulorojoslp.com\/index.php?rest_route=\/wp\/v2\/users\/8"}],"replies":[{"embeddable":true,"href":"https:\/\/circulorojoslp.com\/index.php?rest_route=%2Fwp%2Fv2%2Fcomments&post=46900"}],"version-history":[{"count":0,"href":"https:\/\/circulorojoslp.com\/index.php?rest_route=\/wp\/v2\/posts\/46900\/revisions"}],"wp:featuredmedia":[{"embeddable":true,"href":"https:\/\/circulorojoslp.com\/index.php?rest_route=\/wp\/v2\/media\/46901"}],"wp:attachment":[{"href":"https:\/\/circulorojoslp.com\/index.php?rest_route=%2Fwp%2Fv2%2Fmedia&parent=46900"}],"wp:term":[{"taxonomy":"category","embeddable":true,"href":"https:\/\/circulorojoslp.com\/index.php?rest_route=%2Fwp%2Fv2%2Fcategories&post=46900"},{"taxonomy":"post_tag","embeddable":true,"href":"https:\/\/circulorojoslp.com\/index.php?rest_route=%2Fwp%2Fv2%2Ftags&post=46900"}],"curies":[{"name":"wp","href":"https:\/\/api.w.org\/{rel}","templated":true}]}}