{"id":46898,"date":"2024-11-12T16:13:05","date_gmt":"2024-11-12T22:13:05","guid":{"rendered":"https:\/\/circulorojoslp.com\/?p=46898"},"modified":"2024-11-12T16:13:05","modified_gmt":"2024-11-12T22:13:05","slug":"quien-es-el-guero-pulseras-operador-del-mayo-zambada-detenido-en-chiapas","status":"publish","type":"post","link":"https:\/\/circulorojoslp.com\/?p=46898","title":{"rendered":"\u00bfQui\u00e9n es El G\u00fcero Pulseras, operador del Mayo Zambada detenido en Chiapas?"},"content":{"rendered":"<p>Se le responsabiliza de una larga lista de delitos, entre ellos secuestros, extorsiones, ataques a fuerzas armadas y narcotr\u00e1fico<\/p>\n<p>Autoridades federales lograron la\u00a0detenci\u00f3n de Jes\u00fas Esteban M. M., alias \u201cEl G\u00fcero Pulseras\u201d, operador del\u00a0C\u00e1rtel de Sinaloa\u00a0y considerado uno de los principales generadores de violencia en la regi\u00f3n.<br \/>\nLa Secretar\u00eda de Seguridad y Protecci\u00f3n Ciudadana inform\u00f3 que el operativo, resultado de labores de inteligencia, culmin\u00f3 con la\u00a0localizaci\u00f3n de un inmueble\u00a0utilizado para almacenar\u00a0armamento, drogas y veh\u00edculos con blindaje artesanal, propiedad del capo.<\/p>\n<p>Durante el\u00a0cateo, las fuerzas federales aseguraron un\u00a0arsenal\u00a0de proporciones considerables, incluyendo 935 kilogramos de\u00a0marihuana, 54\u00a0armas\u00a0de fuego largas, cientos de\u00a0cargadores\u00a0y\u00a0cartuchos, as\u00ed como varios\u00a0veh\u00edculos, algunos de ellos con blindaje de f\u00e1brica.<br \/>\nChiapas sufre una escalada de violencia e inseguridad por la disputa entre grupos del narcotr\u00e1fico de la regi\u00f3n. Reportes se\u00f1alan que en su territorio operan el\u00a0C\u00e1rtel de Sinaloa\u00a0y el\u00a0C\u00e1rtel Jalisco Nueva Generaci\u00f3n, as\u00ed como el autonombrado C\u00e1rtel de Chiapas y Guatemala.<\/p>\n<p>\u00bfQuien es \u201cEl G\u00fcero Pulseras\u201d, operador del Mayo Zambada en Chiapas?<br \/>\nJes\u00fas Esteban \u201cM\u201d, mejor conocido como \u201cEl G\u00fcero Pulseras\u201d, es un destacado\u00a0l\u00edder criminal mexicano\u00a0identificado como uno de los principales operadores del C\u00e1rtel de Sinaloa en el estado de Chiapas.<br \/>\n\u201cEl G\u00fcero Pulseras\u201d era considerado un\u00a0objetivo prioritario\u00a0y l\u00edder de una\u00a0c\u00e9lula del C\u00e1rtel de Sinaloa en Chiapas. Se le vincula directamente con Ismael \u201cEl Mayo\u201d Zambada y se le responsabiliza de una larga lista de delitos, entre ellos secuestros, extorsiones, ataques a fuerzas armadas y narcotr\u00e1fico.<br \/>\nEn 2023, fue se\u00f1alado como el autor intelectual del\u00a0secuestro de 14 trabajadores de la Secretar\u00eda de Seguridad y Protecci\u00f3n Ciudadana, mientras que en abril pasado se le acus\u00f3 de un ataque armado contra elementos de la 31 Zona Militar.<br \/>\nClaves de la detenci\u00f3n de El G\u00fcero Pulseras<\/p>\n<p>V\u00ednculos con\u00a0\u201cEl Mayo\u201d Zambada: Se le considera uno de los hombres de confianza de Ismael \u201cEl Mayo\u201d Zambada, uno de los l\u00edderes hist\u00f3ricos del C\u00e1rtel de Sinaloa.<br \/>\nGenerador de\u00a0violencia: Es se\u00f1alado como uno de los principales responsables del aumento de la violencia en Chiapas, donde el C\u00e1rtel de Sinaloa se disputa el territorio con el C\u00e1rtel Jalisco Nueva Generaci\u00f3n (CJNG).<\/p>\n<p>Se le atribuyen diversos delitos, entre ellos:<\/p>\n<p>Secuestro: Fue se\u00f1alado como responsable del secuestro de 14 trabajadores de la Secretar\u00eda de Seguridad y Protecci\u00f3n Ciudadana en 2023.<br \/>\nAtaques a fuerzas armadas: Se le acusa de organizar ataques contra elementos de la 31 Zona Militar.<br \/>\nTr\u00e1fico de drogas: Se le vincula con el tr\u00e1fico de grandes cantidades de drogas, principalmente marihuana y fentanilo.<br \/>\nExtorsi\u00f3n: Se le se\u00f1ala de extorsionar a comerciantes y empresarios en la regi\u00f3n.<br \/>\nRobo de veh\u00edculos: Se le relaciona con el robo de veh\u00edculos y la creaci\u00f3n de talleres clandestinos para blindarlos.<\/p>\n","protected":false},"excerpt":{"rendered":"<p>Se le responsabiliza de una larga lista de delitos, entre ellos secuestros, extorsiones, ataques a fuerzas armadas y narcotr\u00e1fico Autoridades federales lograron la\u00a0detenci\u00f3n de Jes\u00fas Esteban M. M., alias \u201cEl G\u00fcero Pulseras\u201d, operador del\u00a0C\u00e1rtel de Sinaloa\u00a0y considerado uno de los principales generadores de violencia en la regi\u00f3n. La Secretar\u00eda de Seguridad y Protecci\u00f3n Ciudadana inform\u00f3 [&hellip;]<\/p>\n","protected":false},"author":8,"featured_media":46899,"comment_status":"closed","ping_status":"closed","sticky":false,"template":"","format":"standard","meta":{"footnotes":""},"categories":[55],"tags":[],"class_list":["post-46898","post","type-post","status-publish","format-standard","has-post-thumbnail","hentry","category-nacional"],"jetpack-related-posts":[],"_links":{"self":[{"href":"https:\/\/circulorojoslp.com\/index.php?rest_route=\/wp\/v2\/posts\/46898"}],"collection":[{"href":"https:\/\/circulorojoslp.com\/index.php?rest_route=\/wp\/v2\/posts"}],"about":[{"href":"https:\/\/circulorojoslp.com\/index.php?rest_route=\/wp\/v2\/types\/post"}],"author":[{"embeddable":true,"href":"https:\/\/circulorojoslp.com\/index.php?rest_route=\/wp\/v2\/users\/8"}],"replies":[{"embeddable":true,"href":"https:\/\/circulorojoslp.com\/index.php?rest_route=%2Fwp%2Fv2%2Fcomments&post=46898"}],"version-history":[{"count":0,"href":"https:\/\/circulorojoslp.com\/index.php?rest_route=\/wp\/v2\/posts\/46898\/revisions"}],"wp:featuredmedia":[{"embeddable":true,"href":"https:\/\/circulorojoslp.com\/index.php?rest_route=\/wp\/v2\/media\/46899"}],"wp:attachment":[{"href":"https:\/\/circulorojoslp.com\/index.php?rest_route=%2Fwp%2Fv2%2Fmedia&parent=46898"}],"wp:term":[{"taxonomy":"category","embeddable":true,"href":"https:\/\/circulorojoslp.com\/index.php?rest_route=%2Fwp%2Fv2%2Fcategories&post=46898"},{"taxonomy":"post_tag","embeddable":true,"href":"https:\/\/circulorojoslp.com\/index.php?rest_route=%2Fwp%2Fv2%2Ftags&post=46898"}],"curies":[{"name":"wp","href":"https:\/\/api.w.org\/{rel}","templated":true}]}}