{"id":38789,"date":"2023-11-12T14:11:23","date_gmt":"2023-11-12T20:11:23","guid":{"rendered":"http:\/\/circulorojoslp.com\/?p=38789"},"modified":"2023-12-08T14:12:08","modified_gmt":"2023-12-08T20:12:08","slug":"atractiva-exposicion-de-libros-en-soledad-para-el-fomento-a-la-lectura","status":"publish","type":"post","link":"https:\/\/circulorojoslp.com\/?p=38789","title":{"rendered":"ATRACTIVA EXPOSICI\u00d3N DE LIBROS EN SOLEDAD, PARA EL FOMENTO A LA LECTURA"},"content":{"rendered":"<p>Se cont\u00f3 con la participaci\u00f3n de la Universidad Aut\u00f3noma de San Luis Potos\u00ed y diversas librer\u00edas p\u00fablicas.<\/p>\n<p>En conmemoraci\u00f3n por el D\u00eda Nacional del Libro en M\u00e9xico, el Ayuntamiento de Soledad de Graciano S\u00e1nchez llev\u00f3 a cabo una destacada \u201cExposici\u00f3n de Librer\u00edas\u201d, en un evento organizado por la Coordinaci\u00f3n Municipal de Bibliotecas, en la Plaza principal del municipio y que tuvo como objetivo fomentar la lectura y acercar una amplia variedad de libros a la ciudadan\u00eda para todas las edades.<\/p>\n<p>La Exposici\u00f3n cont\u00f3 con la participaci\u00f3n de reconocidas instituciones como la Universidad Aut\u00f3noma de San Luis Potos\u00ed y diversas librer\u00edas p\u00fablicas, estos espacios presentaron una selecci\u00f3n atractiva de libros, los cuales estaban disponibles tanto para ser apreciados como para adquirirlos.<\/p>\n<p>El evento fue recibido con gran entusiasmo por parte de la ciudadan\u00eda, que aprovech\u00f3 la oportunidad para explorar diferentes g\u00e9neros literarios y descubrir nuevas historias, en donde adem\u00e1s de la exposici\u00f3n, se llevaron a cabo actividades l\u00fadicas que generaron un ambiente ameno y promovieron el disfrute de la lectura.<\/p>\n<p>Durante la inauguraci\u00f3n de la Exposici\u00f3n de Librer\u00edas, el secretario General del Ayuntamiento, Ernesto de Jes\u00fas Barajas \u00c1brego, en representaci\u00f3n de la Alcaldesa Leonor Noyola Cervantes, dirigi\u00f3 unas palabras a las y los ni\u00f1os presentes, en donde destac\u00f3 la importancia de fomentar la lectura desde temprana edad y resalt\u00f3 que aquellas y aquellos que cultivan este h\u00e1bito se convierten en ciudadanas y ciudadanos comprometidos que aportan cosas positivas al pa\u00eds.<\/p>\n<p>En este evento, tambi\u00e9n se llev\u00f3 a cabo la entrega de reconocimientos a ni\u00f1as y ni\u00f1os por su destacada participaci\u00f3n en las Bibliotecas Municipales de Soledad, con el objetivo de incentivar el inter\u00e9s por la lectura y reconocer el esfuerzo y dedicaci\u00f3n de los j\u00f3venes lectores. Adem\u00e1s, se entregaron reconocimientos a las personas por su gran aportaci\u00f3n en el concurso de calaveritas literarias realizada en el marco del D\u00eda de Muertos.<\/p>\n<p>En la Exposici\u00f3n de Librer\u00edas se cont\u00f3 con la presencia del Maestro H\u00e9ctor Mart\u00ednez Guti\u00e9rrez, Jefe del Departamento de Bibliotecas y Becas del SEER y coordinador Estatal de Bibliotecas P\u00fablicas; la coordinadora de la Coordinaci\u00f3n de Bibliotecas Municipales de Soledad, Mar\u00eda Guadalupe Cortez Segura y el cronista municipal de Soledad, Amado Juan S\u00e1nchez Cabrera.<\/p>\n","protected":false},"excerpt":{"rendered":"<p>Se cont\u00f3 con la participaci\u00f3n de la Universidad Aut\u00f3noma de San Luis Potos\u00ed y diversas librer\u00edas p\u00fablicas. En conmemoraci\u00f3n por el D\u00eda Nacional del Libro en M\u00e9xico, el Ayuntamiento de Soledad de Graciano S\u00e1nchez llev\u00f3 a cabo una destacada \u201cExposici\u00f3n de Librer\u00edas\u201d, en un evento organizado por la Coordinaci\u00f3n Municipal de Bibliotecas, en la Plaza [&hellip;]<\/p>\n","protected":false},"author":5,"featured_media":38790,"comment_status":"open","ping_status":"open","sticky":false,"template":"","format":"standard","meta":{"footnotes":""},"categories":[42],"tags":[],"class_list":["post-38789","post","type-post","status-publish","format-standard","has-post-thumbnail","hentry","category-soledad"],"jetpack-related-posts":[],"_links":{"self":[{"href":"https:\/\/circulorojoslp.com\/index.php?rest_route=\/wp\/v2\/posts\/38789"}],"collection":[{"href":"https:\/\/circulorojoslp.com\/index.php?rest_route=\/wp\/v2\/posts"}],"about":[{"href":"https:\/\/circulorojoslp.com\/index.php?rest_route=\/wp\/v2\/types\/post"}],"author":[{"embeddable":true,"href":"https:\/\/circulorojoslp.com\/index.php?rest_route=\/wp\/v2\/users\/5"}],"replies":[{"embeddable":true,"href":"https:\/\/circulorojoslp.com\/index.php?rest_route=%2Fwp%2Fv2%2Fcomments&post=38789"}],"version-history":[{"count":1,"href":"https:\/\/circulorojoslp.com\/index.php?rest_route=\/wp\/v2\/posts\/38789\/revisions"}],"predecessor-version":[{"id":38791,"href":"https:\/\/circulorojoslp.com\/index.php?rest_route=\/wp\/v2\/posts\/38789\/revisions\/38791"}],"wp:featuredmedia":[{"embeddable":true,"href":"https:\/\/circulorojoslp.com\/index.php?rest_route=\/wp\/v2\/media\/38790"}],"wp:attachment":[{"href":"https:\/\/circulorojoslp.com\/index.php?rest_route=%2Fwp%2Fv2%2Fmedia&parent=38789"}],"wp:term":[{"taxonomy":"category","embeddable":true,"href":"https:\/\/circulorojoslp.com\/index.php?rest_route=%2Fwp%2Fv2%2Fcategories&post=38789"},{"taxonomy":"post_tag","embeddable":true,"href":"https:\/\/circulorojoslp.com\/index.php?rest_route=%2Fwp%2Fv2%2Ftags&post=38789"}],"curies":[{"name":"wp","href":"https:\/\/api.w.org\/{rel}","templated":true}]}}