{"id":38762,"date":"2023-11-03T13:57:32","date_gmt":"2023-11-03T19:57:32","guid":{"rendered":"http:\/\/circulorojoslp.com\/?p=38762"},"modified":"2023-12-08T13:58:15","modified_gmt":"2023-12-08T19:58:15","slug":"reconocen-a-soledenses-destacandos-cuyos-restos-descansan-en-panteones-municipales","status":"publish","type":"post","link":"https:\/\/circulorojoslp.com\/?p=38762","title":{"rendered":"RECONOCEN A SOLEDENSES DESTACANDOS CUYOS RESTOS DESCANSAN EN PANTEONES MUNICIPALES"},"content":{"rendered":"<p>\u2022 En vida, desempe\u00f1aron grandes labores en favor del municipio en diferentes \u00e1mbitos sociales y culturales<\/p>\n<p>Continuando con las actividades del Festival de D\u00eda de Muertos en Soledad de Graciano S\u00e1nchez, la Alcaldesa Leonor Noyola Cervantes entreg\u00f3 reconocimientos a las familias de ciudadanas y ciudadanos soledenses destacados, cuyos restos descansan en los Panteones municipales 1 \u201cNuestra Se\u00f1ora del Refugio\u201d y 2 \u201cEl Se\u00f1or de la Misericordia\u201d.<\/p>\n<p>Estas personas, que en vida desempe\u00f1aron significativas labores en favor del municipio, fueron reconocidas por su valioso aporte en los \u00e1mbitos social, cultural, musical y diversos campos m\u00e1s, por ello la Alcaldesa, en su discurso, enfatiz\u00f3 la importancia de honrar y valorar la memoria de aquellos que dedicaron su vida al bienestar de Soledad y dejaron un legado digno de reconocer.<\/p>\n<p>\u201cRecordar el andar de cada uno de ellos, su trabajo, su trayectoria, eso nos motiva y nos impulsa para que nosotros sigamos ese gran ejemplo\u201d, expres\u00f3 la edil soledense durante la emotiva ceremonia; adem\u00e1s, destac\u00f3 las contribuciones de cada uno de los honrados ciudadanas y ciudadanos, y algunos de sus logros m\u00e1s destacados, dejando una huella imborrable en la comunidad.<\/p>\n<p>Se entregaron reconocimientos p\u00f3stumos a familias de Jes\u00fas Maldonado Reyes, Laurentino Gait\u00e1n S\u00e1nchez, Jose Antonio Padr\u00f3n Aranda, Juan Mart\u00edn Sierra Arriaga, Juan Manuel Quistian Lara, Enrique Padr\u00f3n S\u00e1nchez, Mar\u00eda Aida Miranda, Dar\u00edo Iv\u00e1n Mata Cuevas, Ismael Morales Mart\u00ednez, Juan Francisco Vel\u00e1zquez, Cristina Jalomo, Elpidio Galarza Jasso, Felipe Ferrer Macias, Amalia Noyola Rodr\u00edguez, Severiano M\u00e9ndez Fern\u00e1ndez, Camilo Campos Mata.<\/p>\n<p>El Festival de D\u00eda de Muertos en Soledad contin\u00faa su programaci\u00f3n, en la que se han llevado a cabo diversas actividades culturales y art\u00edsticas para conmemorar esta tradici\u00f3n mexicana, la entrega de este reconocimiento destaca la importancia de mantener vivas las tradiciones y rendir homenaje a las y los ciudadanos ejemplares que construyeron el pasado del municipio.<\/p>\n<p>Esta ceremonia, adem\u00e1s de ser una muestra de agradecimiento, busca fortalecer el sentido de identidad y unidad entre los habitantes del municipio y de esta manera, el Festival de D\u00eda de Muertos se convierte en una ocasi\u00f3n para reflexionar sobre el pasado, enaltecer a los ciudadanos que han dejado un legado y proyectar un futuro en el que se promueva el bienestar colectivo y la continuidad de las grandes labores realizadas en favor de Soledad.<\/p>\n","protected":false},"excerpt":{"rendered":"<p>\u2022 En vida, desempe\u00f1aron grandes labores en favor del municipio en diferentes \u00e1mbitos sociales y culturales Continuando con las actividades del Festival de D\u00eda de Muertos en Soledad de Graciano S\u00e1nchez, la Alcaldesa Leonor Noyola Cervantes entreg\u00f3 reconocimientos a las familias de ciudadanas y ciudadanos soledenses destacados, cuyos restos descansan en los Panteones municipales 1 [&hellip;]<\/p>\n","protected":false},"author":5,"featured_media":38763,"comment_status":"open","ping_status":"open","sticky":false,"template":"","format":"standard","meta":{"footnotes":""},"categories":[42],"tags":[],"class_list":["post-38762","post","type-post","status-publish","format-standard","has-post-thumbnail","hentry","category-soledad"],"jetpack-related-posts":[],"_links":{"self":[{"href":"https:\/\/circulorojoslp.com\/index.php?rest_route=\/wp\/v2\/posts\/38762"}],"collection":[{"href":"https:\/\/circulorojoslp.com\/index.php?rest_route=\/wp\/v2\/posts"}],"about":[{"href":"https:\/\/circulorojoslp.com\/index.php?rest_route=\/wp\/v2\/types\/post"}],"author":[{"embeddable":true,"href":"https:\/\/circulorojoslp.com\/index.php?rest_route=\/wp\/v2\/users\/5"}],"replies":[{"embeddable":true,"href":"https:\/\/circulorojoslp.com\/index.php?rest_route=%2Fwp%2Fv2%2Fcomments&post=38762"}],"version-history":[{"count":1,"href":"https:\/\/circulorojoslp.com\/index.php?rest_route=\/wp\/v2\/posts\/38762\/revisions"}],"predecessor-version":[{"id":38764,"href":"https:\/\/circulorojoslp.com\/index.php?rest_route=\/wp\/v2\/posts\/38762\/revisions\/38764"}],"wp:featuredmedia":[{"embeddable":true,"href":"https:\/\/circulorojoslp.com\/index.php?rest_route=\/wp\/v2\/media\/38763"}],"wp:attachment":[{"href":"https:\/\/circulorojoslp.com\/index.php?rest_route=%2Fwp%2Fv2%2Fmedia&parent=38762"}],"wp:term":[{"taxonomy":"category","embeddable":true,"href":"https:\/\/circulorojoslp.com\/index.php?rest_route=%2Fwp%2Fv2%2Fcategories&post=38762"},{"taxonomy":"post_tag","embeddable":true,"href":"https:\/\/circulorojoslp.com\/index.php?rest_route=%2Fwp%2Fv2%2Ftags&post=38762"}],"curies":[{"name":"wp","href":"https:\/\/api.w.org\/{rel}","templated":true}]}}