{"id":3606,"date":"2018-09-26T17:26:28","date_gmt":"2018-09-26T23:26:28","guid":{"rendered":"http:\/\/circulorojoslp.com\/?p=3606"},"modified":"2018-09-26T20:15:26","modified_gmt":"2018-09-27T02:15:26","slug":"los-replicantes","status":"publish","type":"post","link":"https:\/\/circulorojoslp.com\/?p=3606","title":{"rendered":"LOS REPLICANTES"},"content":{"rendered":"<p><strong>Por Jacobo V\u00e1zquez<\/strong><\/p>\n<p>\u00a1AS\u00cd ESTAMOS A TODA MADRE!<\/p>\n<p>Mientras los legisladores del PRI y MORENA le segu\u00edan dando el \u201cespaldarazo\u201d, al se\u00f1or Jes\u00fas Conde Mej\u00eda s\u00ed le dio pena, y renunci\u00f3 a su reci\u00e9n estrenado puesto como contralor interno en el Congreso del Estado.<\/p>\n<p>Luego de la presi\u00f3n medi\u00e1tica, se ve\u00eda venir que el ex colaborador de Fernando Toranzo le quedaban tres opciones: renunciar, que lo renunciaran los diputados, o que la presi\u00f3n de la sociedad lo echara fuera.<\/p>\n<p>Hombre sensato, no quiso pleito, y escogi\u00f3 la primera opci\u00f3n.<\/p>\n<p>Antes de despedirse, ofreci\u00f3 una conferencia de prensa y le pareci\u00f3 apropiado darse a s\u00ed mismo un ba\u00f1o de pureza frente a las c\u00e1maras y micr\u00f3fonos de los medios.<\/p>\n<p>Neg\u00f3 que tuviera un pasado de corrupci\u00f3n, habl\u00f3 de su trayectoria, y pidi\u00f3 a sus impugnadores que comprobaron sus dichos, pues dijo, tiene una reputaci\u00f3n que cuidar.<\/p>\n<p>De esa manera, sus opositores quedaron emplazados.<\/p>\n<p>Vamos a ver a qu\u00e9 horas los ciudadanos, l\u00edderes de opini\u00f3n, empresarios e integrantes de asociaciones civiles y pol\u00edticas, le dan gusto y comprueban las acusaciones que lanzaron en su contra, desdorando su inmaculada imagen p\u00fablica.<\/p>\n<p>Parece que al se\u00f1or solo se le dar\u00eda gusto cuando se le exhiba una contundente sentencia condenatoria dictada por un juez de la causa.<\/p>\n<p>En tanto el irreprochable sistema de justicia y de anticorrupci\u00f3n no se pronuncie en su contra, \u00e9l tiene todo el derecho de que no se le acuse. Tiene raz\u00f3n. Y tiene tambi\u00e9n el derecho de ba\u00f1arse en pureza cuantas veces quieran los medios de comunicaci\u00f3n atender su llamado.<\/p>\n<p>Para \u00e9l, por supuesto, no cuenta la opini\u00f3n de la ciudadan\u00eda, que le perdi\u00f3 toda confianza, entre otras cosas porque como funcionario de Fernando Toranzo fue c\u00f3mplice en la desaparici\u00f3n de cientos de millones de pesos.<\/p>\n<p>Tambi\u00e9n es lo de menos que tenga una denuncia penal por el desfalco del fondo de pensiones, en el expediente 15948\/16, con oficio 941-2016, de la Fiscal\u00eda, y en la mesa dedicada a los servidores p\u00fablicos, seg\u00fan detall\u00f3 Guadalupe Gonz\u00e1lez, de Ciudadanos Observando.<\/p>\n<p>De Martha Z\u00fa\u00f1iga, la otra funcionaria reci\u00e9n designada por el Congreso como tesorera, y de la que tambi\u00e9n se pidi\u00f3 su salida, ya se anunci\u00f3 que habr\u00e1 una manifestaci\u00f3n este jueves por la ma\u00f1ana en el Congreso, para insistir en que sea renunciada.<\/p>\n<p>As\u00ed, los diputados perdieron la oportunidad de rectificar en ese cuestionado nombramiento. Pudieron hacerlo, salvar la cara, pero a ninguno de los 27 le interes\u00f3.<\/p>\n<p>Y es que no todos estuvieron implicados en tal designaci\u00f3n, aunque con su silencio lo hayan avalado. Algunos de los diputados ni siquiera se dieron cuenta que Conde Mej\u00eda estar\u00eda en la contralor\u00eda hasta momentos antes de que se les tomara protesta en una sesi\u00f3n del pleno.<\/p>\n<p>Eso fue porque la negocia se hizo entre los coordinadores de cada bancada, dentro de una reuni\u00f3n de la Junta de Coordinaci\u00f3n Pol\u00edtica.<\/p>\n<p>A los legisladores de esta LXII Legislatura, quienes ya se encuentran muy desprestigiados antes de que cobren su primera quincena, les hubiera servido rectificar de cara a los ciudadanos, y as\u00ed hubieran dado la imagen de que estaban atentos a escuchar las inconformidades de la gente que dicen representar.<\/p>\n<p>Todos prefirieron fingir demencia, y los legisladores que hab\u00edan promovido al indeseado profesionista sin duda lamentaron que perdieron a un empleado que les iba a servir mucho. No para dignificar el Congreso. Pero les iba a servir mucho.<\/p>\n<p>En el fondo, estos diputados locales recuerdan a un viej\u00edsimo pol\u00edtico de la era m\u00e1s corrupta del PRI, Carlos Jonguitud Barrios.<\/p>\n<p>Al mismo tiempo que Conde Mej\u00eda se daba su ba\u00f1o de pureza, el contador Eduardo Z\u00fa\u00f1iga, integrante del Grupo Plural, relataba en una entrevista por Internet que, cuando al ex cacique sindical le propuso crear una contralor\u00eda estatal que evitara la corrupci\u00f3n, el c\u00ednico pol\u00edtico le contest\u00f3:<\/p>\n<p>&#8212; Agradezco sus buenas intenciones, pero, as\u00ed como estamos, \u00a1estamos a toda madre!<\/p>\n","protected":false},"excerpt":{"rendered":"<p>Por Jacobo V\u00e1zquez \u00a1AS\u00cd ESTAMOS A TODA MADRE! Mientras los legisladores del PRI y MORENA le segu\u00edan dando el \u201cespaldarazo\u201d, al se\u00f1or Jes\u00fas Conde Mej\u00eda s\u00ed le dio pena, y renunci\u00f3 a su reci\u00e9n estrenado puesto como contralor interno en el Congreso del Estado. Luego de la presi\u00f3n medi\u00e1tica, se ve\u00eda venir que el ex [&hellip;]<\/p>\n","protected":false},"author":5,"featured_media":3609,"comment_status":"open","ping_status":"open","sticky":false,"template":"","format":"standard","meta":{"footnotes":""},"categories":[20],"tags":[22],"class_list":["post-3606","post","type-post","status-publish","format-standard","has-post-thumbnail","hentry","category-opinion","tag-principal"],"jetpack-related-posts":[],"_links":{"self":[{"href":"https:\/\/circulorojoslp.com\/index.php?rest_route=\/wp\/v2\/posts\/3606"}],"collection":[{"href":"https:\/\/circulorojoslp.com\/index.php?rest_route=\/wp\/v2\/posts"}],"about":[{"href":"https:\/\/circulorojoslp.com\/index.php?rest_route=\/wp\/v2\/types\/post"}],"author":[{"embeddable":true,"href":"https:\/\/circulorojoslp.com\/index.php?rest_route=\/wp\/v2\/users\/5"}],"replies":[{"embeddable":true,"href":"https:\/\/circulorojoslp.com\/index.php?rest_route=%2Fwp%2Fv2%2Fcomments&post=3606"}],"version-history":[{"count":1,"href":"https:\/\/circulorojoslp.com\/index.php?rest_route=\/wp\/v2\/posts\/3606\/revisions"}],"predecessor-version":[{"id":3608,"href":"https:\/\/circulorojoslp.com\/index.php?rest_route=\/wp\/v2\/posts\/3606\/revisions\/3608"}],"wp:featuredmedia":[{"embeddable":true,"href":"https:\/\/circulorojoslp.com\/index.php?rest_route=\/wp\/v2\/media\/3609"}],"wp:attachment":[{"href":"https:\/\/circulorojoslp.com\/index.php?rest_route=%2Fwp%2Fv2%2Fmedia&parent=3606"}],"wp:term":[{"taxonomy":"category","embeddable":true,"href":"https:\/\/circulorojoslp.com\/index.php?rest_route=%2Fwp%2Fv2%2Fcategories&post=3606"},{"taxonomy":"post_tag","embeddable":true,"href":"https:\/\/circulorojoslp.com\/index.php?rest_route=%2Fwp%2Fv2%2Ftags&post=3606"}],"curies":[{"name":"wp","href":"https:\/\/api.w.org\/{rel}","templated":true}]}}