{"id":337,"date":"2018-03-30T16:35:21","date_gmt":"2018-03-30T22:35:21","guid":{"rendered":"http:\/\/circulorojoslp.com\/?p=337"},"modified":"2018-03-30T16:35:21","modified_gmt":"2018-03-30T22:35:21","slug":"desecha-tepjf-quejas-de-el-bronco-por-firmas","status":"publish","type":"post","link":"https:\/\/circulorojoslp.com\/?p=337","title":{"rendered":"Desecha TEPJF quejas de &#8216;El Bronco&#8217; por firmas"},"content":{"rendered":"<p>CIUDAD DE M\u00c9XICO<\/p>\n<p>El\u00a0Tribunal Electoral\u00a0del Poder Judicial de la Federaci\u00f3n\u00a0(TEPJF)\u00a0desech\u00f3 dos recursos de apelaci\u00f3n de\u00a0Jaime Rodr\u00edguez, El Bronco,\u00a0quien se quej\u00f3 por la modificaci\u00f3n de los resultados de sus firmas de apoyo por parte de la Direcci\u00f3n de Prerrogativas y Partidos Pol\u00edticos.<\/p>\n<p>Los dos asuntos de El\u00a0Bronco fueron desechados porque\u00a0impugn\u00f3 un acto que no era definitivo, por tratarse de una direcci\u00f3n y no del Consejo General.<\/p>\n<p>Faltar\u00eda ver si el aspirante impugna la decisi\u00f3n del pasado viernes, ya aprobada por el Consejo General, en el que se le determina que no cumple con los requisitos impuestos por la ley.<\/p>\n<p>El engrose de la decisi\u00f3n del viernes se termin\u00f3 el lunes pasado, por lo que empezaron a correr los cuatro d\u00edas para impugnar a partir de inicios de esta semana.<\/p>\n<p>En tanto, este mi\u00e9rcoles mismo, entr\u00f3 la queja presentada por\u00a0Armando R\u00edos Piter\u00a0tambi\u00e9n en contra de la negativa para obtener el registro, por no cumplir el requisito de las firmas y dispersi\u00f3n en 17 entidades del pa\u00eds.<\/p>\n","protected":false},"excerpt":{"rendered":"<p>CIUDAD DE M\u00c9XICO El\u00a0Tribunal Electoral\u00a0del Poder Judicial de la Federaci\u00f3n\u00a0(TEPJF)\u00a0desech\u00f3 dos recursos de apelaci\u00f3n de\u00a0Jaime Rodr\u00edguez, El Bronco,\u00a0quien se quej\u00f3 por la modificaci\u00f3n de los resultados de sus firmas de apoyo por parte de la Direcci\u00f3n de Prerrogativas y Partidos Pol\u00edticos. Los dos asuntos de El\u00a0Bronco fueron desechados porque\u00a0impugn\u00f3 un acto que no era definitivo, [&hellip;]<\/p>\n","protected":false},"author":3,"featured_media":338,"comment_status":"open","ping_status":"open","sticky":false,"template":"","format":"standard","meta":{"footnotes":""},"categories":[3],"tags":[],"class_list":["post-337","post","type-post","status-publish","format-standard","has-post-thumbnail","hentry","category-nacionales"],"jetpack-related-posts":[],"_links":{"self":[{"href":"https:\/\/circulorojoslp.com\/index.php?rest_route=\/wp\/v2\/posts\/337"}],"collection":[{"href":"https:\/\/circulorojoslp.com\/index.php?rest_route=\/wp\/v2\/posts"}],"about":[{"href":"https:\/\/circulorojoslp.com\/index.php?rest_route=\/wp\/v2\/types\/post"}],"author":[{"embeddable":true,"href":"https:\/\/circulorojoslp.com\/index.php?rest_route=\/wp\/v2\/users\/3"}],"replies":[{"embeddable":true,"href":"https:\/\/circulorojoslp.com\/index.php?rest_route=%2Fwp%2Fv2%2Fcomments&post=337"}],"version-history":[{"count":1,"href":"https:\/\/circulorojoslp.com\/index.php?rest_route=\/wp\/v2\/posts\/337\/revisions"}],"predecessor-version":[{"id":339,"href":"https:\/\/circulorojoslp.com\/index.php?rest_route=\/wp\/v2\/posts\/337\/revisions\/339"}],"wp:featuredmedia":[{"embeddable":true,"href":"https:\/\/circulorojoslp.com\/index.php?rest_route=\/wp\/v2\/media\/338"}],"wp:attachment":[{"href":"https:\/\/circulorojoslp.com\/index.php?rest_route=%2Fwp%2Fv2%2Fmedia&parent=337"}],"wp:term":[{"taxonomy":"category","embeddable":true,"href":"https:\/\/circulorojoslp.com\/index.php?rest_route=%2Fwp%2Fv2%2Fcategories&post=337"},{"taxonomy":"post_tag","embeddable":true,"href":"https:\/\/circulorojoslp.com\/index.php?rest_route=%2Fwp%2Fv2%2Ftags&post=337"}],"curies":[{"name":"wp","href":"https:\/\/api.w.org\/{rel}","templated":true}]}}