{"id":330,"date":"2018-03-30T14:11:03","date_gmt":"2018-03-30T20:11:03","guid":{"rendered":"http:\/\/circulorojoslp.com\/?p=330"},"modified":"2018-03-30T14:11:03","modified_gmt":"2018-03-30T20:11:03","slug":"por-respeto-a-tradiciones-y-fe-se-inicia-campana-el-domingo-meade","status":"publish","type":"post","link":"https:\/\/circulorojoslp.com\/?p=330","title":{"rendered":"Por respeto a tradiciones y fe, se inicia campa\u00f1a el domingo: Meade"},"content":{"rendered":"<p>Jos\u00e9 Antonio Meade inform\u00f3 que si bien la campa\u00f1a electoral por la Presidencia de la Rep\u00fablica inicia el viernes, \u00e9l arrancar\u00e1 el domingo por respeto a las tradiciones y la fe de las familias de M\u00e9xico.<\/p>\n<p>&nbsp;<\/p>\n<p>Ciudad de M\u00e9xico.\u00a0 Jos\u00e9 Antonio Meade inform\u00f3 que si bien la campa\u00f1a electoral por la Presidencia de la Rep\u00fablica inicia el viernes, \u00e9l arrancar\u00e1 el domingo por respeto a las tradiciones y la fe de las familias de M\u00e9xico.<\/p>\n<p>En un video difundido desde sus cuentas en redes sociales, el candidato de la coalici\u00f3n Todos por M\u00e9xico, expres\u00f3 que el comienzo de la etapa proselitista coincide con el Viernes Santo.<\/p>\n<p>\u201cEs un d\u00eda de gran trascendencia para las familias mexicanas. Son d\u00edas para reflexionar en familia. En respeto a las tradiciones y la fe que comparto con la gran mayor\u00eda de los mexicanos comenzar\u00e9 mis actividades p\u00fablicas el domingo\u201d, indic\u00f3.<\/p>\n<p>Dijo que aprovechar\u00e1 el asueto para pasar tiempo con su familia y prepararse, as\u00ed como reunirse en privado con el equipo que le ayudar\u00e1 con su tarea.<\/p>\n<p>\u201cEl domingo comienza una etapa definitiva de nuestras vidas, la voy a asumir con integridad, entusiasmo y humildad. Ser\u00e1 una etapa de esperanza, certidumbre, y optimismo; de progreso y tranquilidad\u201d, concluy\u00f3.<\/p>\n","protected":false},"excerpt":{"rendered":"<p>Jos\u00e9 Antonio Meade inform\u00f3 que si bien la campa\u00f1a electoral por la Presidencia de la Rep\u00fablica inicia el viernes, \u00e9l arrancar\u00e1 el domingo por respeto a las tradiciones y la fe de las familias de M\u00e9xico. &nbsp; Ciudad de M\u00e9xico.\u00a0 Jos\u00e9 Antonio Meade inform\u00f3 que si bien la campa\u00f1a electoral por la Presidencia de la [&hellip;]<\/p>\n","protected":false},"author":3,"featured_media":331,"comment_status":"open","ping_status":"open","sticky":false,"template":"","format":"standard","meta":{"footnotes":""},"categories":[3],"tags":[],"class_list":["post-330","post","type-post","status-publish","format-standard","has-post-thumbnail","hentry","category-nacionales"],"jetpack-related-posts":[],"_links":{"self":[{"href":"https:\/\/circulorojoslp.com\/index.php?rest_route=\/wp\/v2\/posts\/330"}],"collection":[{"href":"https:\/\/circulorojoslp.com\/index.php?rest_route=\/wp\/v2\/posts"}],"about":[{"href":"https:\/\/circulorojoslp.com\/index.php?rest_route=\/wp\/v2\/types\/post"}],"author":[{"embeddable":true,"href":"https:\/\/circulorojoslp.com\/index.php?rest_route=\/wp\/v2\/users\/3"}],"replies":[{"embeddable":true,"href":"https:\/\/circulorojoslp.com\/index.php?rest_route=%2Fwp%2Fv2%2Fcomments&post=330"}],"version-history":[{"count":1,"href":"https:\/\/circulorojoslp.com\/index.php?rest_route=\/wp\/v2\/posts\/330\/revisions"}],"predecessor-version":[{"id":332,"href":"https:\/\/circulorojoslp.com\/index.php?rest_route=\/wp\/v2\/posts\/330\/revisions\/332"}],"wp:featuredmedia":[{"embeddable":true,"href":"https:\/\/circulorojoslp.com\/index.php?rest_route=\/wp\/v2\/media\/331"}],"wp:attachment":[{"href":"https:\/\/circulorojoslp.com\/index.php?rest_route=%2Fwp%2Fv2%2Fmedia&parent=330"}],"wp:term":[{"taxonomy":"category","embeddable":true,"href":"https:\/\/circulorojoslp.com\/index.php?rest_route=%2Fwp%2Fv2%2Fcategories&post=330"},{"taxonomy":"post_tag","embeddable":true,"href":"https:\/\/circulorojoslp.com\/index.php?rest_route=%2Fwp%2Fv2%2Ftags&post=330"}],"curies":[{"name":"wp","href":"https:\/\/api.w.org\/{rel}","templated":true}]}}