{"id":324,"date":"2018-03-30T13:58:31","date_gmt":"2018-03-30T19:58:31","guid":{"rendered":"http:\/\/circulorojoslp.com\/?p=324"},"modified":"2018-03-30T13:58:31","modified_gmt":"2018-03-30T19:58:31","slug":"ejercito-pidio-marco-juridico-para-actuar-no-la-ley-de-seguridad-interior-cienfuegos","status":"publish","type":"post","link":"https:\/\/circulorojoslp.com\/?p=324","title":{"rendered":"Ej\u00e9rcito pidi\u00f3 marco jur\u00eddico para actuar, no la Ley de Seguridad Interior: Cienfuegos"},"content":{"rendered":"<p><strong>\u201cTuve la oportunidad el a\u00f1o pasado y antepasado de corresponder a unas invitaciones en Europa, y mi sorpresa fue ver a los ej\u00e9rcitos acompa\u00f1ando a la polic\u00eda\u201d, explic\u00f3 el secretario de la Defensa.<\/strong><\/p>\n<p>Por voz del secretario de la Defensa Nacional, general Salvador Cienfuegos Zepeda,\u00a0el Ej\u00e9rcito se deslind\u00f3 este mi\u00e9rcoles de la autor\u00eda de la Ley de Seguridad Interior.<\/p>\n<p>\u201cNosotros no pedimos una Ley de Seguridad Interior,\u00a0pedimos un marco jur\u00eddico, el que quieran, pero que nos lo den. \u00bfDe otra manera c\u00f3mo podemos ayudar? Es decir, nos impiden aayudar\u201d, dijo Cienfuegos.<\/p>\n<p>\u201cHoy es muy dif\u00edcil continuar cumplir con esta misi\u00f3n. Hoy los delitos son de otro nivel e importancia, involucran a muchas personas, a veces hasta familias, y\u00a0nosotros estamos sin un marco legal\u201d, indic\u00f3 Cienfuegos Zepeda.<\/p>\n<p>El secretario de\u00a0 laDefensa se\u00f1al\u00f3 lo anterior, luego de que el domingo pasado murieron tres integrantes de una familia en Nuevo Laredo, Tamaulipas, en medio de un enfrentamiento entre la Marina e integrantes de un grupo del crimen organizado.\u00a0Familiares de las v\u00edctimas acusaron que fueron marinos los que dispararon desde el aire, lo cual neg\u00f3 dicha dependencia.<\/p>\n<p>Durante la presentaci\u00f3n del libro \u201cNumeralia del Ej\u00e9rcito y Fuerza A\u00e9rea mexicana en el Siglo XXI, Otra Visi\u00f3n\u201d, el titular de la Secretar\u00eda de la Defensa Nacional (Sedena) recalc\u00f3 que para cumplir con las tareas de seguridad\u00a0requieren un marco legal\u00a0que establezca qu\u00e9 pueden hacer las Fuerzas Armadas.<\/p>\n<p>Tras recordar qu\u00e9 hay una legislaci\u00f3n aprobada a\u00fan en revisi\u00f3n por la\u00a0Suprema Corte de Justicia de la Naci\u00f3n, en alusi\u00f3n a la LSI promulgada por el Ejecutivo Federal, agreg\u00f3: \u201cTuve la oportunidad el a\u00f1o pasado y antepasado de corresponder a unas invitaciones en Europa, y mi sorpresa fue ver a los ej\u00e9rcitos acompa\u00f1ando a la polic\u00eda\u201d.<\/p>\n<p>En su participaci\u00f3n durante la presentaci\u00f3n del\u00a0libro escrito por Arturo \u00c1vila, presidente de IBN Industrias Militares, Cienfuegos sostuvo que la tendencia en el mundo es asignar a los ej\u00e9rcitos labores de seguridad al interior de los pa\u00edses.<\/p>\n<p>Sostuvo que este fue el caso de pa\u00edses como\u00a0Francia, Espa\u00f1a, Italia, Alemania e Inglaterra. Dijo que en su opini\u00f3n personal, \u201cesa va a ser la tendencia\u201d.<\/p>\n<p>Luego de participar en la Junta Interamericana de Defensa este martes pasado en Washington, afirm\u00f3 que, con excepci\u00f3n de Estados Unidos y Argentina, \u201cel resto de los pa\u00edses est\u00e1n en esta l\u00ednea:\u00a0utilizar el potencial de sus fuerzas armadas para dar soluciones que debe responder el Estado\u00a0en su orden interno. Creo que por ah\u00ed va a ser el camino\u201d.<\/p>\n<p>Adem\u00e1s llam\u00f3 a la poblaci\u00f3n a no ver a los elementos del Ej\u00e9rcito diferente, y asegur\u00f3 que \u201csomos los mismos, nada m\u00e1s que con uniforme,\u00a0pero venimos del mismo lugar y las mismas condiciones que la mayor\u00eda de nuestra gente\u201d.<\/p>\n<p>(Con informaci\u00f3n de\u00a0La Jornada)<\/p>\n","protected":false},"excerpt":{"rendered":"<p>\u201cTuve la oportunidad el a\u00f1o pasado y antepasado de corresponder a unas invitaciones en Europa, y mi sorpresa fue ver a los ej\u00e9rcitos acompa\u00f1ando a la polic\u00eda\u201d, explic\u00f3 el secretario de la Defensa. Por voz del secretario de la Defensa Nacional, general Salvador Cienfuegos Zepeda,\u00a0el Ej\u00e9rcito se deslind\u00f3 este mi\u00e9rcoles de la autor\u00eda de la [&hellip;]<\/p>\n","protected":false},"author":3,"featured_media":325,"comment_status":"open","ping_status":"open","sticky":false,"template":"","format":"standard","meta":{"footnotes":""},"categories":[3],"tags":[],"class_list":["post-324","post","type-post","status-publish","format-standard","has-post-thumbnail","hentry","category-nacionales"],"jetpack-related-posts":[],"_links":{"self":[{"href":"https:\/\/circulorojoslp.com\/index.php?rest_route=\/wp\/v2\/posts\/324"}],"collection":[{"href":"https:\/\/circulorojoslp.com\/index.php?rest_route=\/wp\/v2\/posts"}],"about":[{"href":"https:\/\/circulorojoslp.com\/index.php?rest_route=\/wp\/v2\/types\/post"}],"author":[{"embeddable":true,"href":"https:\/\/circulorojoslp.com\/index.php?rest_route=\/wp\/v2\/users\/3"}],"replies":[{"embeddable":true,"href":"https:\/\/circulorojoslp.com\/index.php?rest_route=%2Fwp%2Fv2%2Fcomments&post=324"}],"version-history":[{"count":1,"href":"https:\/\/circulorojoslp.com\/index.php?rest_route=\/wp\/v2\/posts\/324\/revisions"}],"predecessor-version":[{"id":326,"href":"https:\/\/circulorojoslp.com\/index.php?rest_route=\/wp\/v2\/posts\/324\/revisions\/326"}],"wp:featuredmedia":[{"embeddable":true,"href":"https:\/\/circulorojoslp.com\/index.php?rest_route=\/wp\/v2\/media\/325"}],"wp:attachment":[{"href":"https:\/\/circulorojoslp.com\/index.php?rest_route=%2Fwp%2Fv2%2Fmedia&parent=324"}],"wp:term":[{"taxonomy":"category","embeddable":true,"href":"https:\/\/circulorojoslp.com\/index.php?rest_route=%2Fwp%2Fv2%2Fcategories&post=324"},{"taxonomy":"post_tag","embeddable":true,"href":"https:\/\/circulorojoslp.com\/index.php?rest_route=%2Fwp%2Fv2%2Ftags&post=324"}],"curies":[{"name":"wp","href":"https:\/\/api.w.org\/{rel}","templated":true}]}}