{"id":225,"date":"2018-01-29T19:53:19","date_gmt":"2018-01-29T19:53:19","guid":{"rendered":"http:\/\/circulorojoslp.com\/?p=225"},"modified":"2018-01-29T19:53:19","modified_gmt":"2018-01-29T19:53:19","slug":"presidente-de-colombia-suspende-dialogo-con-eln-tras-atentados","status":"publish","type":"post","link":"https:\/\/circulorojoslp.com\/?p=225","title":{"rendered":"Presidente de Colombia suspende di\u00e1logo con ELN tras atentados"},"content":{"rendered":"<p>BOGOT\u00c1.<\/p>\n<p>El\u00a0presidente colombiano, Juan Manuel Santos, anunci\u00f3 hoy la\u00a0suspensi\u00f3n\u00a0del\u00a0di\u00e1logo de paz\u00a0con la\u00a0guerrilla Ej\u00e9rcito de Liberaci\u00f3n Nacional (ELN)\u00a0a ra\u00edz de los\u00a0atentados\u00a0cometidos por ese grupo el\u00a0fin de semana\u00a0contra la\u00a0Polic\u00eda\u00a0en el norte del pa\u00eds, que dejaron\u00a0siete uniformados muertos y 47 heridos.<\/p>\n<p>He tomado la decisi\u00f3n de suspender la instalaci\u00f3n del quinto ciclo de negociaciones que estaba previsto para los pr\u00f3ximos d\u00edas hasta que no vea coherencia por parte del ELN entre sus palabras y sus acciones&#8221;, dijo el mandatario en un acto en la localidad de La Palma, en el departamento de Cundinamarca.<br \/>\nSantos\u00a0hizo referencia a los\u00a0tres atentados con explosivos\u00a0perpetrados el\u00a0fin de semana\u00a0en\u00a0Barranquilla, con\u00a0cinco polic\u00edas muertos\u00a0y\u00a041 heridos; en la vecina\u00a0Soledad, con\u00a0cinco heridos, y en el caser\u00edo de\u00a0Buenavista, que hace parte del\u00a0municipio de Santa Rosa,\u00a0departamento de Bol\u00edvar, que dej\u00f3\u00a0dos agentes\u00a0fallecidos\u00a0y\u00a0dos heridos.<\/p>\n<p>El ataque de Barranquilla se lo atribuy\u00f3 un frente urbano del ELN y seg\u00fan dijo hoy el ministro de Defensa, Luis Carlos Villegas, el Gobierno considera que esa guerrilla es responsable de los atentados.<\/p>\n<p>El quinto ciclo se instalar\u00e1 cuando el ELN haga compatible su conducta con la exigencia de paz del pueblo colombiano y de la comunidad internacional&#8221;, agreg\u00f3 el presidente.<br \/>\nSantos dijo que le &#8220;duele&#8221; tener que tomar una decisi\u00f3n de ese tipo sobre los di\u00e1logos que desde el 7 de febrero del a\u00f1o pasado se desarrollan en Quito, pero lo hace &#8220;con total convicci\u00f3n&#8221; por &#8220;lo sucedido con el ELN en los \u00faltimos d\u00edas&#8221;.<\/p>\n<p>El Gobierno ha sido generoso y ha mostrado su voluntad permanente de paz, una voluntad que no puede ser vulnerada por la coyuntura pol\u00edtica porque se trata de una voluntad de paz fundamentada en principios y en mi deber como jefe de Estado, como presidente y como colombiano&#8221;, manifest\u00f3.<\/p>\n<p>El mandatario explic\u00f3 que con el ELN ha aplicado la que llam\u00f3 &#8220;doctrina Rabin&#8221;, en referencia al asesinado exprimer ministro de Israel Isacc Rabin, que consiste en que &#8220;se combate el terrorismo con toda contundencia como si no hubiese negociaci\u00f3n de paz y se negocia como si no hubiese terrorismo&#8221;.<\/p>\n<p>Para continuar la negociaci\u00f3n de paz esta doctrina exige un m\u00ednimo de coherencia. Al mismo tiempo mi paciencia y la del pueblo colombiano tienen sus l\u00edmites&#8221;, afirm\u00f3 al anunciar la suspensi\u00f3n de los di\u00e1logos.<\/p>\n<p>Igualmente, el gobernante reiter\u00f3 sus \u00f3rdenes a la fuerza p\u00fablica de que sigan &#8220;cumpliendo sus deberes constitucionales con la m\u00e1xima determinaci\u00f3n&#8221;.<\/p>\n<p>Con informaci\u00f3n del Excelsior<\/p>\n","protected":false},"excerpt":{"rendered":"<p>BOGOT\u00c1. El\u00a0presidente colombiano, Juan Manuel Santos, anunci\u00f3 hoy la\u00a0suspensi\u00f3n\u00a0del\u00a0di\u00e1logo de paz\u00a0con la\u00a0guerrilla Ej\u00e9rcito de Liberaci\u00f3n Nacional (ELN)\u00a0a ra\u00edz de los\u00a0atentados\u00a0cometidos por ese grupo el\u00a0fin de semana\u00a0contra la\u00a0Polic\u00eda\u00a0en el norte del pa\u00eds, que dejaron\u00a0siete uniformados muertos y 47 heridos. He tomado la decisi\u00f3n de suspender la instalaci\u00f3n del quinto ciclo de negociaciones que estaba previsto para [&hellip;]<\/p>\n","protected":false},"author":3,"featured_media":226,"comment_status":"open","ping_status":"open","sticky":false,"template":"","format":"standard","meta":{"footnotes":""},"categories":[4],"tags":[],"class_list":["post-225","post","type-post","status-publish","format-standard","has-post-thumbnail","hentry","category-internacionales"],"jetpack-related-posts":[],"_links":{"self":[{"href":"https:\/\/circulorojoslp.com\/index.php?rest_route=\/wp\/v2\/posts\/225"}],"collection":[{"href":"https:\/\/circulorojoslp.com\/index.php?rest_route=\/wp\/v2\/posts"}],"about":[{"href":"https:\/\/circulorojoslp.com\/index.php?rest_route=\/wp\/v2\/types\/post"}],"author":[{"embeddable":true,"href":"https:\/\/circulorojoslp.com\/index.php?rest_route=\/wp\/v2\/users\/3"}],"replies":[{"embeddable":true,"href":"https:\/\/circulorojoslp.com\/index.php?rest_route=%2Fwp%2Fv2%2Fcomments&post=225"}],"version-history":[{"count":1,"href":"https:\/\/circulorojoslp.com\/index.php?rest_route=\/wp\/v2\/posts\/225\/revisions"}],"predecessor-version":[{"id":227,"href":"https:\/\/circulorojoslp.com\/index.php?rest_route=\/wp\/v2\/posts\/225\/revisions\/227"}],"wp:featuredmedia":[{"embeddable":true,"href":"https:\/\/circulorojoslp.com\/index.php?rest_route=\/wp\/v2\/media\/226"}],"wp:attachment":[{"href":"https:\/\/circulorojoslp.com\/index.php?rest_route=%2Fwp%2Fv2%2Fmedia&parent=225"}],"wp:term":[{"taxonomy":"category","embeddable":true,"href":"https:\/\/circulorojoslp.com\/index.php?rest_route=%2Fwp%2Fv2%2Fcategories&post=225"},{"taxonomy":"post_tag","embeddable":true,"href":"https:\/\/circulorojoslp.com\/index.php?rest_route=%2Fwp%2Fv2%2Ftags&post=225"}],"curies":[{"name":"wp","href":"https:\/\/api.w.org\/{rel}","templated":true}]}}