{"id":22360,"date":"2021-06-02T10:37:35","date_gmt":"2021-06-02T16:37:35","guid":{"rendered":"http:\/\/circulorojoslp.com\/?p=22360"},"modified":"2021-06-02T10:37:35","modified_gmt":"2021-06-02T16:37:35","slug":"cedral-ya-eligio-y-se-pinta-de-verde","status":"publish","type":"post","link":"https:\/\/circulorojoslp.com\/?p=22360","title":{"rendered":"CEDRAL YA ELIGI\u00d3 Y SE PINTA DE VERDE"},"content":{"rendered":"<ul>\n<li>GRAN CIERRE DE CAMPA\u00d1A DE \u201cCHEQUE\u201d JU\u00c1REZ CON M\u00c1S DE 5 MIL ASISTENTES<br \/>\n\u201dJANO\u201d SEGOVIA AGRACE EL GRAN APOYO DEL MUNICIPIO QUE LO VIO NACER<\/p>\n<p>Con un jubilo indescriptible el pueblo de Cedral ya decidi\u00f3 por quien va a votar y lo demostraron con un sorprendente apoyo en donde la gente se volc\u00f3 en la plaza principal para apoyar a los candidatos de la coalici\u00f3n \u201cJuntos Haremos Historia\u201d, un impresionante evento pol\u00edtico pocas veces visto en ese municipio, confirma la decisi\u00f3n del electorado.<\/li>\n<\/ul>\n<p>Ezequiel Ju\u00e1rez Rivera \u201cCheque\u201d candidato a la Presidencia Municipal de Cedral por PVEM y PT, cerr\u00f3 campa\u00f1a ante mas de 5 mil personas quienes le demostraron su apoyo total, se comprometi\u00f3 con el pueblo de Cedral a darle continuidad a los proyectos que han hecho de Cedral un municipio en constante crecimiento, adem\u00e1s de que intensificar\u00e1 acciones de gesti\u00f3n para lograr la transformaci\u00f3n total de \u00e9ste municipio con m\u00e1s y mejores servicios p\u00fablicos.<\/p>\n<p>Roberto Alejandro Segovia Hern\u00e1ndez, candidato a la Diputaci\u00f3n Federal por el Distrito 01 de la coalici\u00f3n \u201cJuntos Haremos Historia\u201d, agradeci\u00f3 a toda esa gente por el gran apoyo que le han brindado, \u201cCedral es la tierra que me vio nacer, y regresar con la gente que me conoce desde ni\u00f1o, y recibir tantas muestras de cari\u00f1o es algo invaluable, gracias a mi pueblo por todo esto y no les vamos a fallar, trabajaremos duro para darle ese impulso a nuestro municipio\u201d, mencion\u00f3 Segovia Hern\u00e1ndez.<\/p>\n<p>Estas elecciones ser\u00e1n hist\u00f3ricas pues quedaran en la memoria de todos los cedralenses, ha sido una campa\u00f1a llena de contrastes pero sobre todo de muy buenas experiencias, Cedral fue un punto en el que el apoyo a los candidatos de la coalici\u00f3n se hizo notar con un sentimiento desbordado y con la pasi\u00f3n de apoyar al mejor proyecto pol\u00edtico que beneficiara a todo el pueblo.<\/p>\n<p>Ricardo Gallardo para Gobernador, Jano Segovia para la Diputaci\u00f3n Federal, Cinthia Segovia para la Diputaci\u00f3n Local y Cheque Ju\u00e1rez para la Presidencia Municipal, una formula que avala la gente de Cedral por lo que dijo ser este el equipo ganador para estas elecciones y lo demostr\u00f3 en este cierre de campa\u00f1a, que a pesar de la lluvia no desistieron y continuaron con la fiesta en \u00e9ste extraordinario municipio, en donde la pol\u00edtica es una pasi\u00f3n.<\/p>\n","protected":false},"excerpt":{"rendered":"<p>GRAN CIERRE DE CAMPA\u00d1A DE \u201cCHEQUE\u201d JU\u00c1REZ CON M\u00c1S DE 5 MIL ASISTENTES \u201dJANO\u201d SEGOVIA AGRACE EL GRAN APOYO DEL MUNICIPIO QUE LO VIO NACER Con un jubilo indescriptible el pueblo de Cedral ya decidi\u00f3 por quien va a votar y lo demostraron con un sorprendente apoyo en donde la gente se volc\u00f3 en la [&hellip;]<\/p>\n","protected":false},"author":5,"featured_media":22361,"comment_status":"open","ping_status":"open","sticky":false,"template":"","format":"standard","meta":{"footnotes":""},"categories":[2],"tags":[22],"class_list":["post-22360","post","type-post","status-publish","format-standard","has-post-thumbnail","hentry","category-locales","tag-principal"],"jetpack-related-posts":[],"_links":{"self":[{"href":"https:\/\/circulorojoslp.com\/index.php?rest_route=\/wp\/v2\/posts\/22360"}],"collection":[{"href":"https:\/\/circulorojoslp.com\/index.php?rest_route=\/wp\/v2\/posts"}],"about":[{"href":"https:\/\/circulorojoslp.com\/index.php?rest_route=\/wp\/v2\/types\/post"}],"author":[{"embeddable":true,"href":"https:\/\/circulorojoslp.com\/index.php?rest_route=\/wp\/v2\/users\/5"}],"replies":[{"embeddable":true,"href":"https:\/\/circulorojoslp.com\/index.php?rest_route=%2Fwp%2Fv2%2Fcomments&post=22360"}],"version-history":[{"count":1,"href":"https:\/\/circulorojoslp.com\/index.php?rest_route=\/wp\/v2\/posts\/22360\/revisions"}],"predecessor-version":[{"id":22362,"href":"https:\/\/circulorojoslp.com\/index.php?rest_route=\/wp\/v2\/posts\/22360\/revisions\/22362"}],"wp:featuredmedia":[{"embeddable":true,"href":"https:\/\/circulorojoslp.com\/index.php?rest_route=\/wp\/v2\/media\/22361"}],"wp:attachment":[{"href":"https:\/\/circulorojoslp.com\/index.php?rest_route=%2Fwp%2Fv2%2Fmedia&parent=22360"}],"wp:term":[{"taxonomy":"category","embeddable":true,"href":"https:\/\/circulorojoslp.com\/index.php?rest_route=%2Fwp%2Fv2%2Fcategories&post=22360"},{"taxonomy":"post_tag","embeddable":true,"href":"https:\/\/circulorojoslp.com\/index.php?rest_route=%2Fwp%2Fv2%2Ftags&post=22360"}],"curies":[{"name":"wp","href":"https:\/\/api.w.org\/{rel}","templated":true}]}}