{"id":19099,"date":"2020-10-22T08:57:22","date_gmt":"2020-10-22T14:57:22","guid":{"rendered":"http:\/\/circulorojoslp.com\/?p=19099"},"modified":"2020-10-22T08:57:22","modified_gmt":"2020-10-22T14:57:22","slug":"gibran-yeidckol-y-mario-delgado-dan-positivo-a-covid-19-el-mismo-dia","status":"publish","type":"post","link":"https:\/\/circulorojoslp.com\/?p=19099","title":{"rendered":"Gibr\u00e1n, Yeidckol y Mario Delgado dan positivo a Covid-19 el mismo d\u00eda"},"content":{"rendered":"<p>Este mi\u00e9rcoles tres aspirantes a la dirigencia de <strong>Morena<\/strong> informaron haber dado positivo a pruebas por <strong>Covid-19<\/strong>.<\/p>\n<p>El primero de ellos fue el tambi\u00e9n coordinador de Morena en la C\u00e1mara de Diputados, <strong>Mario Delgado<\/strong>, quien a trav\u00e9s de Twitter detall\u00f3 que present\u00f3 s\u00edntomas de la enfermedad la noche del martes en San L\u00e1zaro, cuando se discut\u00edan y despu\u00e9s se avalar\u00edan la <strong>Ley de Ingresos<\/strong> y la <strong>Miscel\u00e1nea Fiscal 2021<\/strong>.<\/p>\n<p>Luego de tomar la decisi\u00f3n de aislarse, indica, se realiz\u00f3 una prueba, la cual dio positivo a Covid-19.<\/p>\n<p>En su cuenta oficial se\u00f1al\u00f3 que durante la noche le dio seguimiento a la aprobaci\u00f3n del paquete econ\u00f3mico de ingresos y agreg\u00f3: &#8220;Seguiremos trabajando y prepar\u00e1ndonos para lo que viene&#8221;.<\/p>\n<p>Horas m\u00e1s tarde la que tambi\u00e9n fuera aspirante a l\u00edder nacional de Morena, <strong>Yeidckol Polevnsky<\/strong>, inform\u00f3 a trav\u00e9s de la misma red social que dio positivo al nuevo <strong>coronavirus<\/strong>, por lo que se le estaban realizando todos los estudios necesarios.<br \/>\nPor su parte,\u00a0<strong>Gibr\u00e1n Ram\u00edrez <\/strong>inform\u00f3 de su diagn\u00f3stico en un noticiero de Milenio TV. Ah\u00ed, el exaspirante a la dirigencia Morenista afirm\u00f3 dio positivo a Covid-19 al igual que Delgado y Polevnsky, pero que se encuentra bajo tratamiento.<\/p>\n","protected":false},"excerpt":{"rendered":"<p>Este mi\u00e9rcoles tres aspirantes a la dirigencia de Morena informaron haber dado positivo a pruebas por Covid-19. El primero de ellos fue el tambi\u00e9n coordinador de Morena en la C\u00e1mara de Diputados, Mario Delgado, quien a trav\u00e9s de Twitter detall\u00f3 que present\u00f3 s\u00edntomas de la enfermedad la noche del martes en San L\u00e1zaro, cuando se [&hellip;]<\/p>\n","protected":false},"author":5,"featured_media":19100,"comment_status":"open","ping_status":"open","sticky":false,"template":"","format":"standard","meta":{"footnotes":""},"categories":[3],"tags":[22],"class_list":["post-19099","post","type-post","status-publish","format-standard","has-post-thumbnail","hentry","category-nacionales","tag-principal"],"jetpack-related-posts":[],"_links":{"self":[{"href":"https:\/\/circulorojoslp.com\/index.php?rest_route=\/wp\/v2\/posts\/19099"}],"collection":[{"href":"https:\/\/circulorojoslp.com\/index.php?rest_route=\/wp\/v2\/posts"}],"about":[{"href":"https:\/\/circulorojoslp.com\/index.php?rest_route=\/wp\/v2\/types\/post"}],"author":[{"embeddable":true,"href":"https:\/\/circulorojoslp.com\/index.php?rest_route=\/wp\/v2\/users\/5"}],"replies":[{"embeddable":true,"href":"https:\/\/circulorojoslp.com\/index.php?rest_route=%2Fwp%2Fv2%2Fcomments&post=19099"}],"version-history":[{"count":1,"href":"https:\/\/circulorojoslp.com\/index.php?rest_route=\/wp\/v2\/posts\/19099\/revisions"}],"predecessor-version":[{"id":19101,"href":"https:\/\/circulorojoslp.com\/index.php?rest_route=\/wp\/v2\/posts\/19099\/revisions\/19101"}],"wp:featuredmedia":[{"embeddable":true,"href":"https:\/\/circulorojoslp.com\/index.php?rest_route=\/wp\/v2\/media\/19100"}],"wp:attachment":[{"href":"https:\/\/circulorojoslp.com\/index.php?rest_route=%2Fwp%2Fv2%2Fmedia&parent=19099"}],"wp:term":[{"taxonomy":"category","embeddable":true,"href":"https:\/\/circulorojoslp.com\/index.php?rest_route=%2Fwp%2Fv2%2Fcategories&post=19099"},{"taxonomy":"post_tag","embeddable":true,"href":"https:\/\/circulorojoslp.com\/index.php?rest_route=%2Fwp%2Fv2%2Ftags&post=19099"}],"curies":[{"name":"wp","href":"https:\/\/api.w.org\/{rel}","templated":true}]}}