{"id":18833,"date":"2020-10-08T08:30:17","date_gmt":"2020-10-08T14:30:17","guid":{"rendered":"http:\/\/circulorojoslp.com\/?p=18833"},"modified":"2020-10-08T08:30:17","modified_gmt":"2020-10-08T14:30:17","slug":"huracan-delta-no-causo-afectaciones-mayores-nos-fue-bien","status":"publish","type":"post","link":"https:\/\/circulorojoslp.com\/?p=18833","title":{"rendered":"Hurac\u00e1n \u201cDelta\u201d no caus\u00f3 afectaciones mayores; \u201cnos fue bien\u201d"},"content":{"rendered":"<div class=\"header reader-header reader-show-element\">\n<div class=\"reader-estimated-time\" dir=\"ltr\">Al se\u00f1alar que \u201cnos tuvo consideraci\u00f3n\u201d y que \u201cnos fue bien\u201d, el presidente <strong><a href=\"https:\/\/www.eluniversal.com.mx\/nacion\">Andr\u00e9s Manuel L\u00f3pez Obrador <\/a><\/strong>celebr\u00f3 que el<strong> hurac\u00e1n \u201cDelta\u201d<\/strong> no haya causado afectaciones mayores a su paso por la <strong>pen\u00ednsula de Yucat\u00e1n.<\/strong><\/div>\n<\/div>\n<div class=\"content\">\n<div class=\"moz-reader-content reader-show-element\">\n<div id=\"readability-page-1\" class=\"page\">\n<div>\n<p>En conferencia de prensa, el titular del Ejecutivo federal destac\u00f3 la labor que hicieron m\u00e1s de 10 mil trabajadores que fueron movilizados para atender la emergencia por el fen\u00f3meno natural.<\/p>\n<p>\u201cAfortunadamente no se registraron v\u00edctimas, nos tuvo consideraci\u00f3n el hurac\u00e1n, perdi\u00f3 fuerza antes de entrar a territorio, a tierra y ya est\u00e1 en el Golfo de M\u00e9xico, ya sali\u00f3. No hubo muchos da\u00f1os, \u00e1rboles que cayeron. Est\u00e1n trabajando all\u00e1 los trabajadores de la Comisi\u00f3n Federal de Electricidad (CFE) para r<strong>establecer la energ\u00eda el\u00e9ctrica.<\/strong><\/p>\n<p>\u201cQuiero mandar un reconocimiento a todos los trabajadores de la industria el\u00e9ctrica son muy eficaces en mucho poco tiempo restablecieron el servicio as\u00ed lo est\u00e1n haciendo. Espero que ma\u00f1ana a este normalizada la industria el\u00e9ctrica en esa parte que afect\u00f3 el hurac\u00e1n. Vamos a decir que nos fue bien\u201d.<\/p>\n<p>En Palacio Nacional, el mandatario agradeci\u00f3 a todos los trabajadores de las diversas instituciones que se enviaron a la Pen\u00ednsula y destac\u00f3 la labor hecha por el almirante <strong>Jos\u00e9 Rafael Ojeda Dur\u00e1n<\/strong>, secretario de Marina (Semar) -quien estuvo al mando del operativo- y de <strong>Laura Vel\u00e1zquez<\/strong>, coordinadora nacional de Protecci\u00f3n Civil.<\/p>\n<p>\u201cY agradecer tambi\u00e9n a la Secretar\u00eda de la Defensa Nacional (Sedena), que trabajaron de manera conjunta, alrededor de 10 mil trabajadores de otras dependencias federales que est\u00e1n ah\u00ed no se van a retirar para que el restablecimiento de las actividades econ\u00f3micas, sociales y el regreso a la normalidad\u201d, asever\u00f3.<\/p>\n<\/div>\n<\/div>\n<\/div>\n<\/div>\n","protected":false},"excerpt":{"rendered":"<p>Al se\u00f1alar que \u201cnos tuvo consideraci\u00f3n\u201d y que \u201cnos fue bien\u201d, el presidente Andr\u00e9s Manuel L\u00f3pez Obrador celebr\u00f3 que el hurac\u00e1n \u201cDelta\u201d no haya causado afectaciones mayores a su paso por la pen\u00ednsula de Yucat\u00e1n. En conferencia de prensa, el titular del Ejecutivo federal destac\u00f3 la labor que hicieron m\u00e1s de 10 mil trabajadores que [&hellip;]<\/p>\n","protected":false},"author":5,"featured_media":18834,"comment_status":"open","ping_status":"open","sticky":false,"template":"","format":"standard","meta":{"footnotes":""},"categories":[3],"tags":[22],"class_list":["post-18833","post","type-post","status-publish","format-standard","has-post-thumbnail","hentry","category-nacionales","tag-principal"],"jetpack-related-posts":[],"_links":{"self":[{"href":"https:\/\/circulorojoslp.com\/index.php?rest_route=\/wp\/v2\/posts\/18833"}],"collection":[{"href":"https:\/\/circulorojoslp.com\/index.php?rest_route=\/wp\/v2\/posts"}],"about":[{"href":"https:\/\/circulorojoslp.com\/index.php?rest_route=\/wp\/v2\/types\/post"}],"author":[{"embeddable":true,"href":"https:\/\/circulorojoslp.com\/index.php?rest_route=\/wp\/v2\/users\/5"}],"replies":[{"embeddable":true,"href":"https:\/\/circulorojoslp.com\/index.php?rest_route=%2Fwp%2Fv2%2Fcomments&post=18833"}],"version-history":[{"count":1,"href":"https:\/\/circulorojoslp.com\/index.php?rest_route=\/wp\/v2\/posts\/18833\/revisions"}],"predecessor-version":[{"id":18835,"href":"https:\/\/circulorojoslp.com\/index.php?rest_route=\/wp\/v2\/posts\/18833\/revisions\/18835"}],"wp:featuredmedia":[{"embeddable":true,"href":"https:\/\/circulorojoslp.com\/index.php?rest_route=\/wp\/v2\/media\/18834"}],"wp:attachment":[{"href":"https:\/\/circulorojoslp.com\/index.php?rest_route=%2Fwp%2Fv2%2Fmedia&parent=18833"}],"wp:term":[{"taxonomy":"category","embeddable":true,"href":"https:\/\/circulorojoslp.com\/index.php?rest_route=%2Fwp%2Fv2%2Fcategories&post=18833"},{"taxonomy":"post_tag","embeddable":true,"href":"https:\/\/circulorojoslp.com\/index.php?rest_route=%2Fwp%2Fv2%2Ftags&post=18833"}],"curies":[{"name":"wp","href":"https:\/\/api.w.org\/{rel}","templated":true}]}}