{"id":16626,"date":"2020-07-02T21:01:55","date_gmt":"2020-07-03T03:01:55","guid":{"rendered":"http:\/\/circulorojoslp.com\/?p=16626"},"modified":"2020-07-02T21:01:55","modified_gmt":"2020-07-03T03:01:55","slug":"el-prd-cambiaria-su-estatuto-para-una-alianza-con-el-pri-en-elecciones-de-2021","status":"publish","type":"post","link":"https:\/\/circulorojoslp.com\/?p=16626","title":{"rendered":"El PRD cambiar\u00eda su estatuto para una alianza con el PRI en elecciones de 2021"},"content":{"rendered":"<p class=\"p1\">&#8211; El PRD podr\u00eda modificar su estatuto para realizar una alianza con el PRI en las pr\u00f3ximas elecciones de 2021; adem\u00e1s est\u00e1 en pl\u00e1ticas con otros partidos.<\/p>\n<p class=\"p3\"><span class=\"s2\">El Partido de la Revoluci\u00f3n Democr\u00e1tica (PRD) evaluar\u00e1<\/span><span class=\"s4\"> en su pr\u00f3ximo congreso nacional si se modifican sus estatutos para permitir <\/span><span class=\"s2\">una alianza en las elecciones intermedias de 2021 con el Partido Revolucionario Institucional<\/span><span class=\"s4\">(PRI), indic\u00f3 \u00c1ngel \u00c1vila Romero, secretario general del sol azteca.<\/span><\/p>\n<p class=\"p3\"><span class=\"s4\">Entrevista para Forbes M\u00e9xico explic\u00f3 que la l\u00ednea pol\u00edtica del PRD le proh\u00edbe hacer alianzas con el PRI,<\/span><span class=\"s2\"> sin embargo esto ser\u00e1 discutido en el mes de septiembre cuando se re\u00fanan cientos de perredistas de todo el pa\u00eds.<\/span><\/p>\n<p class=\"p3\"><span class=\"s4\">\u201cEsta l\u00ednea pol\u00edtica se redact\u00f3 cuando el PRI era el partido hegem\u00f3nico, el partido en el gobierno, el que ganaba las elecciones con trampa o sin trampa. <\/span><span class=\"s2\">Hoy las condiciones han cambiado y el nuevo PRI se llama Morena, es el partido del r\u00e9gimen, el partido oficialista<\/span><span class=\"s4\">\u201d, a\u00f1adi\u00f3.<\/span><\/p>\n<p class=\"p3\"><span class=\"s4\">Detall\u00f3 que tambi\u00e9n est\u00e1n abiertos a platicar con otros partidos a nivel nacional y local de la oposici\u00f3n para concretar alianzas, <\/span><span class=\"s2\">entre ellos Acci\u00f3n Nacional.<\/span><\/p>\n<p class=\"p3\"><span class=\"s4\">\u201cEn el mes de diciembre o enero ser\u00e1 cuando tendr\u00edamos que presentar documentos ante el Instituto Nacional Electoral (INE), <\/span><span class=\"s2\">si logramos un acuerdo para hacer una alianza para enfrentar a Morena<\/span><span class=\"s4\">\u201d, refiri\u00f3.<\/span><\/p>\n<p class=\"p3\"><span class=\"s4\">En ese sentido, \u00c1vila Romero detall\u00f3 que han platicado con otros institutos pol\u00edticos para hacer una alianza en los comicios del siguiente a\u00f1o, <\/span><span class=\"s2\">en los cuales 75 distritos competir\u00edan de manera conjunta y en los 225 restantes el PRD contender\u00eda solo<\/span><span class=\"s4\">.<\/span><\/p>\n<p class=\"p3\"><span class=\"s4\">\u201cSi vamos en 75 distritos a hacer alianzas,<\/span><span class=\"s2\"> hemos propuesto que 25 sean encabezados por candidatos del PRD, 25 de PAN y 25 de la sociedad civil<\/span><span class=\"s4\">\u201d, se\u00f1al\u00f3.<\/span><\/p>\n<p class=\"p3\"><span class=\"s4\">En cuanto a los 25 lugares que ocupar\u00edan los candidatos ciudadanos, <\/span><span class=\"s2\">el pol\u00edtico aclar\u00f3 que podr\u00edan ser candidatos de movimiento feminista, campesino o ind\u00edgena, incluso de l sector de la ciencia o la cultura<\/span><span class=\"s4\">.<\/span><\/p>\n<p class=\"p3\"><span class=\"s4\">\u201cTenemos pl\u00e1ticas con diferentes colectivos, ser\u00eda muy adelantado decir algunos nombres pero la idea de la construcci\u00f3n de la alianza es donde puedan estar la voces de muchos sectores social y junto con los art\u00edculos pol\u00edticos ganarle la mayor\u00eda a Morena\u201d.<\/span><\/p>\n<p class=\"p3\"><span class=\"s4\">Asever\u00f3 que el sol azteca se est\u00e1 preparando para su renovaci\u00f3n interna a nivel nacional y local, <\/span><span class=\"s2\">puesto que el pr\u00f3ximo nueve de agosto habr\u00e1 elecciones a dentro del partido para elegir a la nueva direcci\u00f3n,<\/span><span class=\"s4\"> quien ser\u00e1 la que tome las riendas para las votaciones intermedias en el pa\u00eds. <\/span><\/p>\n<p class=\"p3\"><span class=\"s4\">Respecto al proyecto de Futuro 21, el l\u00edder nacional del PRD enfatiz\u00f3 que e<\/span><span class=\"s2\">s una asociaci\u00f3n de ciudadanos aut\u00f3nomos a los partidos pol\u00edticos que van a proponer algunas candidaturas para la gran alianz<\/span><span class=\"s4\">a que quieren construir.<\/span><\/p>\n<p class=\"p3\"><span class=\"s4\">\u201cFuturo 21 va a estar acompa\u00f1ando esta coalici\u00f3n con algunos personajes que valga la pena impulsar, que tengan una voz en la c\u00e1mara de diputados\u201d.<\/span><\/p>\n<p class=\"p3\"><span class=\"s4\">Reiter\u00f3 que el partido que dirige est\u00e1 listo para hacerle frente al Morena para las siguientes votaciones,<\/span><span class=\"s2\"> aunque tiene el reto de convencer a la ciudadan\u00eda que que el PRD es una mejor opci\u00f3n para la izquierda<\/span><span class=\"s4\">.<\/span><\/p>\n<p class=\"p3\"><span class=\"s4\">\u201cHoy el PRD tienen buenas condiciones para hacer la agenda amplia y que la ciudadan\u00eda pueda darle su voto al PRD. <\/span><span class=\"s2\">Va a haber muchos decepcionados de Morena que se van a regresar al PRD porque se sintieron traicionados o timados<\/span><span class=\"s4\">\u201d.<\/span><\/p>\n","protected":false},"excerpt":{"rendered":"<p>&#8211; El PRD podr\u00eda modificar su estatuto para realizar una alianza con el PRI en las pr\u00f3ximas elecciones de 2021; adem\u00e1s est\u00e1 en pl\u00e1ticas con otros partidos. El Partido de la Revoluci\u00f3n Democr\u00e1tica (PRD) evaluar\u00e1 en su pr\u00f3ximo congreso nacional si se modifican sus estatutos para permitir una alianza en las elecciones intermedias de 2021 [&hellip;]<\/p>\n","protected":false},"author":5,"featured_media":16627,"comment_status":"open","ping_status":"open","sticky":false,"template":"","format":"standard","meta":{"footnotes":""},"categories":[3],"tags":[22],"class_list":["post-16626","post","type-post","status-publish","format-standard","has-post-thumbnail","hentry","category-nacionales","tag-principal"],"jetpack-related-posts":[],"_links":{"self":[{"href":"https:\/\/circulorojoslp.com\/index.php?rest_route=\/wp\/v2\/posts\/16626"}],"collection":[{"href":"https:\/\/circulorojoslp.com\/index.php?rest_route=\/wp\/v2\/posts"}],"about":[{"href":"https:\/\/circulorojoslp.com\/index.php?rest_route=\/wp\/v2\/types\/post"}],"author":[{"embeddable":true,"href":"https:\/\/circulorojoslp.com\/index.php?rest_route=\/wp\/v2\/users\/5"}],"replies":[{"embeddable":true,"href":"https:\/\/circulorojoslp.com\/index.php?rest_route=%2Fwp%2Fv2%2Fcomments&post=16626"}],"version-history":[{"count":1,"href":"https:\/\/circulorojoslp.com\/index.php?rest_route=\/wp\/v2\/posts\/16626\/revisions"}],"predecessor-version":[{"id":16628,"href":"https:\/\/circulorojoslp.com\/index.php?rest_route=\/wp\/v2\/posts\/16626\/revisions\/16628"}],"wp:featuredmedia":[{"embeddable":true,"href":"https:\/\/circulorojoslp.com\/index.php?rest_route=\/wp\/v2\/media\/16627"}],"wp:attachment":[{"href":"https:\/\/circulorojoslp.com\/index.php?rest_route=%2Fwp%2Fv2%2Fmedia&parent=16626"}],"wp:term":[{"taxonomy":"category","embeddable":true,"href":"https:\/\/circulorojoslp.com\/index.php?rest_route=%2Fwp%2Fv2%2Fcategories&post=16626"},{"taxonomy":"post_tag","embeddable":true,"href":"https:\/\/circulorojoslp.com\/index.php?rest_route=%2Fwp%2Fv2%2Ftags&post=16626"}],"curies":[{"name":"wp","href":"https:\/\/api.w.org\/{rel}","templated":true}]}}