{"id":16279,"date":"2020-06-22T11:42:50","date_gmt":"2020-06-22T17:42:50","guid":{"rendered":"http:\/\/circulorojoslp.com\/?p=16279"},"modified":"2020-06-22T11:42:50","modified_gmt":"2020-06-22T17:42:50","slug":"alianzas-de-morena-para-estas-elecciones-2021-diputado-hector-serrano","status":"publish","type":"post","link":"https:\/\/circulorojoslp.com\/?p=16279","title":{"rendered":"ALIANZAS DE MORENA PARA ESTAS ELECCIONES 2021: DIPUTADO H\u00c9CTOR SERRANO"},"content":{"rendered":"<p>Para el diputado federal, H\u00e9ctor Serrano Cort\u00e9s, en el 2021 la alianza electoral de Morena ser\u00e1 con los partidos, del Trabajo y Verde Ecologista de M\u00e9xico, el cual, ha acompa\u00f1ado al presidente Andr\u00e9s Manuel L\u00f3pez Obrador en la toma de decisiones relevantes, adem\u00e1s de que el a\u00f1o pasado fue determinante para el triunfo del Movimiento de Regeneraci\u00f3n Nacional en Puebla.<\/p>\n<p>&nbsp;<\/p>\n<p>En su columna de este lunes 22 de junio, en EL UNIVERSAL, Serrano Cort\u00e9s habl\u00f3 sobre las alianzas electorales para el pr\u00f3ximo a\u00f1o: \u201c(\u2026) hoy est\u00e1 claro que Morena ha dejado a un lado la soberbia, y parece entender que la \u00fanica forma de garantizar el conservar la mayor\u00eda en el Poder Legislativo es con un acuerdo de coalici\u00f3n (\u2026)\u201d, consider\u00f3 el legislador.<\/p>\n<p>&nbsp;<\/p>\n<p>Explic\u00f3 enseguida que esa posibilidad s\u00f3lo se vislumbra con su aliado hist\u00f3rico, el PT, y con el Partido Verde, adem\u00e1s de que \u201ca nadie debe extra\u00f1ar, ya que el Verde acompa\u00f1a al primer mandatario del pa\u00eds a la hora de la toma de decisiones m\u00e1s relevantes\u201d.<\/p>\n<p>&nbsp;<\/p>\n<p>Agrega que el Partido Verde \u201cfue determinante en recientes elecciones como en el caso de Puebla, donde su aportaci\u00f3n gener\u00f3 las condiciones que permitieron llevar a Morena a obtener el triunfo en la gubernatura de ese estado y derrotar, primordialmente, a un panismo que ah\u00ed se volv\u00eda cada vez m\u00e1s consistente\u201d.<\/p>\n<p>&nbsp;<\/p>\n<p>En otra parte de su texto advierte que \u201ca muchos, con falso sentimiento, podr\u00e1 horrorizar el pragmatismo del Partido Verde\u201d, y agrega que diversos reclamos se vierten sobre \u00e9l en voces de quienes dicen ser expertos polit\u00f3logos o l\u00edderes de opini\u00f3n; \u201clo cierto es que no existe un radical al que no le guste que otros act\u00faen con radicalismo, para ellos el mejor escenario es la confrontaci\u00f3n electoral que emane de un supuesto arraigado sentido ideol\u00f3gico\u201d.<\/p>\n<p>&nbsp;<\/p>\n<p>Considera enseguida que la ideolog\u00eda requiere de actualizaci\u00f3n de acuerdo a las necesidades sociales y, la izquierda atiende, como acto primordial, las necesidades de las masas populares; \u201centonces, \u00bfcu\u00e1l es el reclamo hacia un partido cuya movilidad pol\u00edtica responde a la armonizaci\u00f3n y consolidaci\u00f3n de todo lo que facilite un proyecto de gobierno en favor de la mayor\u00eda?\u201d.<\/p>\n<p>&nbsp;<\/p>\n<p>Por otra parte, Serrano Cort\u00e9s considera que ante la gran agitaci\u00f3n pol\u00edtica que se vive, no se avizora un escenario sencillo para ninguna fuerza pol\u00edtica tanto en su vida interna, como en la proyecci\u00f3n de resultados al momento de la elecci\u00f3n.<\/p>\n<p>&nbsp;<\/p>\n<p>\u201cYa que en materia electoral no est\u00e1 nada escrito, cualquier cosa puede suceder. Las pr\u00f3ximas elecciones son singulares y seguro ser\u00e1n in\u00e9ditas ante lo inusitado que ha sido la vida pol\u00edtica y p\u00fablica de M\u00e9xico durante los \u00faltimos 3 a\u00f1os. Parece estar claro que, para algunos partidos, como Morena o Acci\u00f3n Nacional, sus pretensiones de encabezar una posible coalici\u00f3n electoral son una realidad\u201d.<\/p>\n<p>&nbsp;<\/p>\n<p>Sobre el PAN, recuerda que ya ha experimentado en m\u00faltiples ocasiones, a lo largo de su historia, diversas alianzas; apenas en el proceso pasado lo hizo con el PRD y Movimiento Ciudadano.<\/p>\n<p>&nbsp;<\/p>\n<p>\u201cEl PRD no ser\u00e1 la excepci\u00f3n, ya que al igual que el PAN, su estrategia electoral desde el a\u00f1o 2009 se ha concentrado primordialmente en alianzas electorales con otras fuerzas. Para Movimiento Ciudadano hablar del tema, dice, es prematuro; sin embargo, la probabilidad de que una coalici\u00f3n se d\u00e9 con ese partido es altamente posible, ya que la \u00fanica posibilidad de que no vaya en una alianza es que estuviera totalmente seguro de obtener el triunfo como se dio en el estado de Jalisco\u201d.<\/p>\n<p>&nbsp;<\/p>\n<p>Sobre el PRI, considera Serrano Cort\u00e9s que posiblemente se incluir\u00e1 en algunas alianzas; \u201csin embargo, parece complejo que esto ocurra, ya que, hasta hoy, quien m\u00e1s habla de una alianza con ese partido es el PRD que, de entrada, tendr\u00eda que modificar sus principios y su reglamentaci\u00f3n interna para dar cauce efectivo a esa posibilidad\u201d.<\/p>\n","protected":false},"excerpt":{"rendered":"<p>Para el diputado federal, H\u00e9ctor Serrano Cort\u00e9s, en el 2021 la alianza electoral de Morena ser\u00e1 con los partidos, del Trabajo y Verde Ecologista de M\u00e9xico, el cual, ha acompa\u00f1ado al presidente Andr\u00e9s Manuel L\u00f3pez Obrador en la toma de decisiones relevantes, adem\u00e1s de que el a\u00f1o pasado fue determinante para el triunfo del Movimiento [&hellip;]<\/p>\n","protected":false},"author":5,"featured_media":16280,"comment_status":"open","ping_status":"open","sticky":false,"template":"","format":"standard","meta":{"footnotes":""},"categories":[3],"tags":[22],"class_list":["post-16279","post","type-post","status-publish","format-standard","has-post-thumbnail","hentry","category-nacionales","tag-principal"],"jetpack-related-posts":[],"_links":{"self":[{"href":"https:\/\/circulorojoslp.com\/index.php?rest_route=\/wp\/v2\/posts\/16279"}],"collection":[{"href":"https:\/\/circulorojoslp.com\/index.php?rest_route=\/wp\/v2\/posts"}],"about":[{"href":"https:\/\/circulorojoslp.com\/index.php?rest_route=\/wp\/v2\/types\/post"}],"author":[{"embeddable":true,"href":"https:\/\/circulorojoslp.com\/index.php?rest_route=\/wp\/v2\/users\/5"}],"replies":[{"embeddable":true,"href":"https:\/\/circulorojoslp.com\/index.php?rest_route=%2Fwp%2Fv2%2Fcomments&post=16279"}],"version-history":[{"count":1,"href":"https:\/\/circulorojoslp.com\/index.php?rest_route=\/wp\/v2\/posts\/16279\/revisions"}],"predecessor-version":[{"id":16281,"href":"https:\/\/circulorojoslp.com\/index.php?rest_route=\/wp\/v2\/posts\/16279\/revisions\/16281"}],"wp:featuredmedia":[{"embeddable":true,"href":"https:\/\/circulorojoslp.com\/index.php?rest_route=\/wp\/v2\/media\/16280"}],"wp:attachment":[{"href":"https:\/\/circulorojoslp.com\/index.php?rest_route=%2Fwp%2Fv2%2Fmedia&parent=16279"}],"wp:term":[{"taxonomy":"category","embeddable":true,"href":"https:\/\/circulorojoslp.com\/index.php?rest_route=%2Fwp%2Fv2%2Fcategories&post=16279"},{"taxonomy":"post_tag","embeddable":true,"href":"https:\/\/circulorojoslp.com\/index.php?rest_route=%2Fwp%2Fv2%2Ftags&post=16279"}],"curies":[{"name":"wp","href":"https:\/\/api.w.org\/{rel}","templated":true}]}}