{"id":15803,"date":"2020-06-03T11:26:46","date_gmt":"2020-06-03T17:26:46","guid":{"rendered":"http:\/\/circulorojoslp.com\/?p=15803"},"modified":"2020-06-03T11:26:46","modified_gmt":"2020-06-03T17:26:46","slug":"amlo-confirma-muerte-diputada-de-morena-fue-localizada-en-fosa-clandestina","status":"publish","type":"post","link":"https:\/\/circulorojoslp.com\/?p=15803","title":{"rendered":"AMLO confirma muerte diputada de Morena; fue localizada en fosa clandestina"},"content":{"rendered":"<div class=\"header reader-header reader-show-element\">\n<h1 class=\"reader-title\"><span style=\"color: #222222; font-family: Verdana, Geneva, sans-serif; font-size: 15px;\">El presidente <\/span><strong style=\"color: #222222; font-family: Verdana, Geneva, sans-serif; font-size: 15px;\">Andr\u00e9s Manuel L\u00f3pez Obrador<\/strong><span style=\"color: #222222; font-family: Verdana, Geneva, sans-serif; font-size: 15px;\"> confirm\u00f3 la ma\u00f1ana de este mi\u00e9rcoles (3 de junio) que la diputada local de Morena <\/span><strong style=\"color: #222222; font-family: Verdana, Geneva, sans-serif; font-size: 15px;\">Anel Bueno<\/strong><span style=\"color: #222222; font-family: Verdana, Geneva, sans-serif; font-size: 15px;\">, fue localizada muerta y su cuerpo en una <\/span><strong style=\"color: #222222; font-family: Verdana, Geneva, sans-serif; font-size: 15px;\">fosa clandestina<\/strong><span style=\"color: #222222; font-family: Verdana, Geneva, sans-serif; font-size: 15px;\">.<\/span><\/h1>\n<\/div>\n<div class=\"content\">\n<div class=\"moz-reader-content line-height4 reader-show-element\">\n<div id=\"readability-page-1\" class=\"page\">\n<p>El mandatario federal asever\u00f3 que el cad\u00e1ver de la legisladora local fue localizado el pasado martes (2 de junio) aunque no especific\u00f3 en qu\u00e9 lugar. Dijo que esta ma\u00f1ana se le inform\u00f3 sobre la detenci\u00f3n de implicados en el crimen.<\/p>\n<p>\u00abQuiero aprovechar ahora para expresar mis condolencias a los familiares de una legisladora de Colima que fue secuestrada y el d\u00eda de ayer se encontr\u00f3 su cuerpo en una fosa clandestina. Quiero primero expresar mis condolencias a sus familiares, a sus amigos, compa\u00f1eros, fue algo muy lamentable, y decir, informar que en la ma\u00f1ana se nos present\u00f3 ya un reporte de detenidos que participaron en este crimen\u00bb, dijo el presidente este mi\u00e9rcoles en su conferencia ma\u00f1anera transmitida desde Campeche.<\/p>\n<p>El pasado 29 de mayo fuentes gubernamentales con conocimiento del caso compartieron con Estaci\u00f3nPac\u00edfico.com que ya se ten\u00eda una <a href=\"https:\/\/estacionpacifico.com\/2020\/05\/29\/caso-anel-bueno-con-linea-de-investigacion-y-responsables-plenamente-identificados\/\">l\u00ednea de investigaci\u00f3n clara<\/a> y plena identificaci\u00f3n (por nombre, apellidos, apodos y pertenencia a organizaciones criminales) de los responsables de la (hasta entonces) privaci\u00f3n ilegal de la libertad de la diputada local.<\/p>\n<p>Anel Bueno fue vista por \u00faltima vez el 29 de abril en la comunidad de Tamala, en el municipio de Ixtlahuac\u00e1n, cuando, en compa\u00f1\u00eda de su equipo de trabajo, conclu\u00edan una jornada de sanitizaci\u00f3n. Sujetos armados llegaron al lugar de los hechos en varias camionetas, obligaron a la legisladora a subir a uno de los veh\u00edculos y se retiraron del lugar.<\/p>\n<\/div>\n<\/div>\n<\/div>\n","protected":false},"excerpt":{"rendered":"<p>El presidente Andr\u00e9s Manuel L\u00f3pez Obrador confirm\u00f3 la ma\u00f1ana de este mi\u00e9rcoles (3 de junio) que la diputada local de Morena Anel Bueno, fue localizada muerta y su cuerpo en una fosa clandestina. El mandatario federal asever\u00f3 que el cad\u00e1ver de la legisladora local fue localizado el pasado martes (2 de junio) aunque no especific\u00f3 [&hellip;]<\/p>\n","protected":false},"author":5,"featured_media":15804,"comment_status":"open","ping_status":"open","sticky":false,"template":"","format":"standard","meta":{"footnotes":""},"categories":[3],"tags":[22],"class_list":["post-15803","post","type-post","status-publish","format-standard","has-post-thumbnail","hentry","category-nacionales","tag-principal"],"jetpack-related-posts":[],"_links":{"self":[{"href":"https:\/\/circulorojoslp.com\/index.php?rest_route=\/wp\/v2\/posts\/15803"}],"collection":[{"href":"https:\/\/circulorojoslp.com\/index.php?rest_route=\/wp\/v2\/posts"}],"about":[{"href":"https:\/\/circulorojoslp.com\/index.php?rest_route=\/wp\/v2\/types\/post"}],"author":[{"embeddable":true,"href":"https:\/\/circulorojoslp.com\/index.php?rest_route=\/wp\/v2\/users\/5"}],"replies":[{"embeddable":true,"href":"https:\/\/circulorojoslp.com\/index.php?rest_route=%2Fwp%2Fv2%2Fcomments&post=15803"}],"version-history":[{"count":1,"href":"https:\/\/circulorojoslp.com\/index.php?rest_route=\/wp\/v2\/posts\/15803\/revisions"}],"predecessor-version":[{"id":15805,"href":"https:\/\/circulorojoslp.com\/index.php?rest_route=\/wp\/v2\/posts\/15803\/revisions\/15805"}],"wp:featuredmedia":[{"embeddable":true,"href":"https:\/\/circulorojoslp.com\/index.php?rest_route=\/wp\/v2\/media\/15804"}],"wp:attachment":[{"href":"https:\/\/circulorojoslp.com\/index.php?rest_route=%2Fwp%2Fv2%2Fmedia&parent=15803"}],"wp:term":[{"taxonomy":"category","embeddable":true,"href":"https:\/\/circulorojoslp.com\/index.php?rest_route=%2Fwp%2Fv2%2Fcategories&post=15803"},{"taxonomy":"post_tag","embeddable":true,"href":"https:\/\/circulorojoslp.com\/index.php?rest_route=%2Fwp%2Fv2%2Ftags&post=15803"}],"curies":[{"name":"wp","href":"https:\/\/api.w.org\/{rel}","templated":true}]}}