{"id":1552,"date":"2018-06-06T11:30:51","date_gmt":"2018-06-06T17:30:51","guid":{"rendered":"http:\/\/circulorojoslp.com\/?p=1552"},"modified":"2018-06-06T11:30:51","modified_gmt":"2018-06-06T17:30:51","slug":"detienen-a-segundo-implicado-en-crimen-de-periodista-alicia-diaz","status":"publish","type":"post","link":"https:\/\/circulorojoslp.com\/?p=1552","title":{"rendered":"Detienen a segundo implicado en crimen de periodista Alicia D\u00edaz"},"content":{"rendered":"<p>Otro de los presuntos implicados en el asesinato de la periodista, <strong>Alicia D\u00edaz Gonz\u00e1lez<\/strong>, fue capturado por las autoridades del estado.<\/p>\n<p>La Fiscal\u00eda General de Justicia de Nuevo Le\u00f3n inform\u00f3 de la detenci\u00f3n de <strong>Alfredo \u2018N\u2019<\/strong>, a quien se le ejecut\u00f3 orden de aprehensi\u00f3n, la cual fue concedida por la autoridad judicial.<\/p>\n<p>La captura fue realizada en la ciudad de Monterrey por elementos de la <strong>Agencia Estatal de Investigaciones (AEI)<\/strong> y el presunto criminal ser\u00e1 puesto a disposici\u00f3n de un juez de control para formular la imputaci\u00f3n correspondiente.<\/p>\n<p>Este <strong>es el segundo detenido en relaci\u00f3n con el feminicidio de la comunicadora<\/strong>, quien colaboraba con el peri\u00f3dico El Financiero. El primero fue <strong>su exesposo, Gerardo \u2018N\u2019, se\u00f1alado como autor intelectual<\/strong> de los sucesos.<\/p>\n<p>Los hechos se registraron el 24 de mayo en el propio domicilio de la periodista, ubicado en la colonia Del Paseo Residencial, al sur de Monterrey.<\/p>\n<p><strong>La mujer, de 52 a\u00f1os, muri\u00f3 de una contusi\u00f3n profunda de cr\u00e1neo.<\/strong><\/p>\n","protected":false},"excerpt":{"rendered":"<p>Otro de los presuntos implicados en el asesinato de la periodista, Alicia D\u00edaz Gonz\u00e1lez, fue capturado por las autoridades del estado. La Fiscal\u00eda General de Justicia de Nuevo Le\u00f3n inform\u00f3 de la detenci\u00f3n de Alfredo \u2018N\u2019, a quien se le ejecut\u00f3 orden de aprehensi\u00f3n, la cual fue concedida por la autoridad judicial. La captura fue [&hellip;]<\/p>\n","protected":false},"author":5,"featured_media":1553,"comment_status":"open","ping_status":"open","sticky":false,"template":"","format":"standard","meta":{"footnotes":""},"categories":[3],"tags":[],"class_list":["post-1552","post","type-post","status-publish","format-standard","has-post-thumbnail","hentry","category-nacionales"],"jetpack-related-posts":[],"_links":{"self":[{"href":"https:\/\/circulorojoslp.com\/index.php?rest_route=\/wp\/v2\/posts\/1552"}],"collection":[{"href":"https:\/\/circulorojoslp.com\/index.php?rest_route=\/wp\/v2\/posts"}],"about":[{"href":"https:\/\/circulorojoslp.com\/index.php?rest_route=\/wp\/v2\/types\/post"}],"author":[{"embeddable":true,"href":"https:\/\/circulorojoslp.com\/index.php?rest_route=\/wp\/v2\/users\/5"}],"replies":[{"embeddable":true,"href":"https:\/\/circulorojoslp.com\/index.php?rest_route=%2Fwp%2Fv2%2Fcomments&post=1552"}],"version-history":[{"count":1,"href":"https:\/\/circulorojoslp.com\/index.php?rest_route=\/wp\/v2\/posts\/1552\/revisions"}],"predecessor-version":[{"id":1554,"href":"https:\/\/circulorojoslp.com\/index.php?rest_route=\/wp\/v2\/posts\/1552\/revisions\/1554"}],"wp:featuredmedia":[{"embeddable":true,"href":"https:\/\/circulorojoslp.com\/index.php?rest_route=\/wp\/v2\/media\/1553"}],"wp:attachment":[{"href":"https:\/\/circulorojoslp.com\/index.php?rest_route=%2Fwp%2Fv2%2Fmedia&parent=1552"}],"wp:term":[{"taxonomy":"category","embeddable":true,"href":"https:\/\/circulorojoslp.com\/index.php?rest_route=%2Fwp%2Fv2%2Fcategories&post=1552"},{"taxonomy":"post_tag","embeddable":true,"href":"https:\/\/circulorojoslp.com\/index.php?rest_route=%2Fwp%2Fv2%2Ftags&post=1552"}],"curies":[{"name":"wp","href":"https:\/\/api.w.org\/{rel}","templated":true}]}}