{"id":1503,"date":"2018-06-05T08:10:42","date_gmt":"2018-06-05T14:10:42","guid":{"rendered":"http:\/\/circulorojoslp.com\/?p=1503"},"modified":"2018-06-05T08:10:42","modified_gmt":"2018-06-05T14:10:42","slug":"amlo-admite-que-los-empresarios-son-clave","status":"publish","type":"post","link":"https:\/\/circulorojoslp.com\/?p=1503","title":{"rendered":"AMLO admite que los empresarios son clave"},"content":{"rendered":"<p>El candidato presidencial de Juntos Haremos Historia, Andr\u00e9s Manuel L\u00f3pez Obrador, pidi\u00f3 a los empresarios unirse y \u201csacar adelante al pa\u00eds\u201d. Una vez m\u00e1s, lanz\u00f3 su \u201camor y paz\u201d durante la jornada de visita al Estado de M\u00e9xico, pero esta vez flanqueado por los hombres de negocios nacionales.<\/p>\n<p>AMLO matiz\u00f3 su discurso, muchas veces r\u00edspido, hacia el sector empresarial: \u201cAyudan mucho porque no se podr\u00eda pensar en un plan de desarrollo para impulsar la actividad productiva, para que haya empleo, bienestar, sin los empresarios\u201d, dijo en Tec\u00e1mac.<\/p>\n<p>Escoltado nada menos que por Marcos Fastlicht (suegro de Emilio Azc\u00e1rraga) y Alfonso Romo, el enlace empresarial de la campa\u00f1a morenista asever\u00f3 que los hombres de la inversi\u00f3n no tendr\u00e1n problemas: \u201cEn nuestro gobierno van a ser respetados\u201d.<\/p>\n<p>Las declaraciones sobre el empresariado se dieron a la salida del evento de Tec\u00e1mac, justamente por la curiosidad que despert\u00f3 ver al suegro de Azc\u00e1rraga con un chaleco entre rojo y guinda a su lado. El candidato presidencial expres\u00f3 que ya quedaron las cosas bastante claras y que \u201cse va a buscar la convergencia del sector privado, con el sector p\u00fablico y con el sector social\u201d.<\/p>\n<p>En una referencia m\u00e1s a modelos econ\u00f3micos de los sesentas, explic\u00f3 que habr\u00e1 \u201ceconom\u00eda mixta\u201d: el Estado, con la inversi\u00f3n p\u00fablica, enfrentar\u00e1 el reto del crecimiento en M\u00e9xico, pero tambi\u00e9n con inversi\u00f3n privada.<\/p>\n<p>L\u00f3pez Obrador coment\u00f3 que la presencia en su campa\u00f1a de dos empresarios \u201ccon dimensi\u00f3n social\u201d como Fastlicht y Romo se debe a que \u201cse tiene que lograr un cambio con la participaci\u00f3n de todos los mexicanos de todas las clases sociales, porque se necesita inversi\u00f3n para que haya empleo y dej\u00f3 en claro que est\u00e1 en contra la corrupci\u00f3n y la riqueza mala habida, pero no de los empresarios\u201d.<\/p>\n","protected":false},"excerpt":{"rendered":"<p>El candidato presidencial de Juntos Haremos Historia, Andr\u00e9s Manuel L\u00f3pez Obrador, pidi\u00f3 a los empresarios unirse y \u201csacar adelante al pa\u00eds\u201d. Una vez m\u00e1s, lanz\u00f3 su \u201camor y paz\u201d durante la jornada de visita al Estado de M\u00e9xico, pero esta vez flanqueado por los hombres de negocios nacionales. AMLO matiz\u00f3 su discurso, muchas veces r\u00edspido, [&hellip;]<\/p>\n","protected":false},"author":5,"featured_media":1504,"comment_status":"open","ping_status":"open","sticky":false,"template":"","format":"standard","meta":{"footnotes":""},"categories":[3],"tags":[],"class_list":["post-1503","post","type-post","status-publish","format-standard","has-post-thumbnail","hentry","category-nacionales"],"jetpack-related-posts":[],"_links":{"self":[{"href":"https:\/\/circulorojoslp.com\/index.php?rest_route=\/wp\/v2\/posts\/1503"}],"collection":[{"href":"https:\/\/circulorojoslp.com\/index.php?rest_route=\/wp\/v2\/posts"}],"about":[{"href":"https:\/\/circulorojoslp.com\/index.php?rest_route=\/wp\/v2\/types\/post"}],"author":[{"embeddable":true,"href":"https:\/\/circulorojoslp.com\/index.php?rest_route=\/wp\/v2\/users\/5"}],"replies":[{"embeddable":true,"href":"https:\/\/circulorojoslp.com\/index.php?rest_route=%2Fwp%2Fv2%2Fcomments&post=1503"}],"version-history":[{"count":1,"href":"https:\/\/circulorojoslp.com\/index.php?rest_route=\/wp\/v2\/posts\/1503\/revisions"}],"predecessor-version":[{"id":1505,"href":"https:\/\/circulorojoslp.com\/index.php?rest_route=\/wp\/v2\/posts\/1503\/revisions\/1505"}],"wp:featuredmedia":[{"embeddable":true,"href":"https:\/\/circulorojoslp.com\/index.php?rest_route=\/wp\/v2\/media\/1504"}],"wp:attachment":[{"href":"https:\/\/circulorojoslp.com\/index.php?rest_route=%2Fwp%2Fv2%2Fmedia&parent=1503"}],"wp:term":[{"taxonomy":"category","embeddable":true,"href":"https:\/\/circulorojoslp.com\/index.php?rest_route=%2Fwp%2Fv2%2Fcategories&post=1503"},{"taxonomy":"post_tag","embeddable":true,"href":"https:\/\/circulorojoslp.com\/index.php?rest_route=%2Fwp%2Fv2%2Ftags&post=1503"}],"curies":[{"name":"wp","href":"https:\/\/api.w.org\/{rel}","templated":true}]}}