{"id":14849,"date":"2020-04-28T12:28:32","date_gmt":"2020-04-28T18:28:32","guid":{"rendered":"http:\/\/circulorojoslp.com\/?p=14849"},"modified":"2020-04-28T12:28:32","modified_gmt":"2020-04-28T18:28:32","slug":"coparmex-nombra-a-javier-lozano-como-su-vocero-especial","status":"publish","type":"post","link":"https:\/\/circulorojoslp.com\/?p=14849","title":{"rendered":"COPARMEX NOMBRA A JAVIER LOZANO COMO SU VOCERO ESPECIAL"},"content":{"rendered":"<p><strong>Gustavo de Hoyos Walther<\/strong>, presidente de la Confederaci\u00f3n Patronal de la Rep\u00fablica Mexicana (<strong>Coparmex<\/strong>), <strong>nombr\u00f3<\/strong> al exsecretario del Trabajo, <strong>Javier Lozano<\/strong>, como su <strong>vocero especial<\/strong> \u201cpara la <strong>defensa del Estado de derecho<\/strong>\u201d.<\/p>\n<p>El l\u00edder empresarial acus\u00f3 que las decisiones del Gobierno de M\u00e9xico, que encabeza <a href=\"https:\/\/politico.mx\/minuta-politica\/minuta-politica-gobierno-federal\/coparmex-amlo-no-ayuda-ni-se-deja-ayudar-pero-s%C3%AD-miente\/\">Andr\u00e9s Manuel L\u00f3pez Obrador,<\/a> estar\u00edan comprometiendo la vigencia de las instituciones democr\u00e1ticas y republicanas del pa\u00eds.<\/p>\n<p>En ese sentido, expres\u00f3: \u201cEl <strong>debate es fundamental<\/strong> para evitar retrocesos. Agradezco a <strong>@JLozano<\/strong> se integra a ese reto como vocero especial de la @Coparmex para la defensa del <strong>Estado de derecho<\/strong>\u201d.<\/p>\n<p>En tanto, <a href=\"https:\/\/politico.mx\/minuta-politica\/minuta-politica-estados\/javier-lozano-revira-dichos-de-barbosa-ya-dio-positivo-a-morenavirus\/\">Lozano Alarc\u00f3n<\/a>, quien fue secretario del sexenio de Felipe Calder\u00f3n Hinojosa, agradeci\u00f3 el nombramiento y la confianza manifestada por De Hoyos Walther. Afirm\u00f3 que defender\u00e1 \u201ccon todo\u201d las libertades.<\/p>\n<p>\u201cAgradezco mucho tu confianza, presidente, y puedes estar seguro de que estar\u00e9 en la primera l\u00ednea para defender, con todo, nuestro r\u00e9gimen democr\u00e1tico, de libertades y el Estado de Derecho. Un saludo a toda la comunidad @Coparmex. Es un honor ser parte de la misma\u201d, expres\u00f3 Lozano a trav\u00e9s de Twitter.<\/p>\n<p>&nbsp;<\/p>\n<p>&nbsp;<\/p>\n","protected":false},"excerpt":{"rendered":"<p>Gustavo de Hoyos Walther, presidente de la Confederaci\u00f3n Patronal de la Rep\u00fablica Mexicana (Coparmex), nombr\u00f3 al exsecretario del Trabajo, Javier Lozano, como su vocero especial \u201cpara la defensa del Estado de derecho\u201d. El l\u00edder empresarial acus\u00f3 que las decisiones del Gobierno de M\u00e9xico, que encabeza Andr\u00e9s Manuel L\u00f3pez Obrador, estar\u00edan comprometiendo la vigencia de las [&hellip;]<\/p>\n","protected":false},"author":5,"featured_media":14850,"comment_status":"open","ping_status":"open","sticky":false,"template":"","format":"standard","meta":{"footnotes":""},"categories":[3],"tags":[22],"class_list":["post-14849","post","type-post","status-publish","format-standard","has-post-thumbnail","hentry","category-nacionales","tag-principal"],"jetpack-related-posts":[],"_links":{"self":[{"href":"https:\/\/circulorojoslp.com\/index.php?rest_route=\/wp\/v2\/posts\/14849"}],"collection":[{"href":"https:\/\/circulorojoslp.com\/index.php?rest_route=\/wp\/v2\/posts"}],"about":[{"href":"https:\/\/circulorojoslp.com\/index.php?rest_route=\/wp\/v2\/types\/post"}],"author":[{"embeddable":true,"href":"https:\/\/circulorojoslp.com\/index.php?rest_route=\/wp\/v2\/users\/5"}],"replies":[{"embeddable":true,"href":"https:\/\/circulorojoslp.com\/index.php?rest_route=%2Fwp%2Fv2%2Fcomments&post=14849"}],"version-history":[{"count":1,"href":"https:\/\/circulorojoslp.com\/index.php?rest_route=\/wp\/v2\/posts\/14849\/revisions"}],"predecessor-version":[{"id":14851,"href":"https:\/\/circulorojoslp.com\/index.php?rest_route=\/wp\/v2\/posts\/14849\/revisions\/14851"}],"wp:featuredmedia":[{"embeddable":true,"href":"https:\/\/circulorojoslp.com\/index.php?rest_route=\/wp\/v2\/media\/14850"}],"wp:attachment":[{"href":"https:\/\/circulorojoslp.com\/index.php?rest_route=%2Fwp%2Fv2%2Fmedia&parent=14849"}],"wp:term":[{"taxonomy":"category","embeddable":true,"href":"https:\/\/circulorojoslp.com\/index.php?rest_route=%2Fwp%2Fv2%2Fcategories&post=14849"},{"taxonomy":"post_tag","embeddable":true,"href":"https:\/\/circulorojoslp.com\/index.php?rest_route=%2Fwp%2Fv2%2Ftags&post=14849"}],"curies":[{"name":"wp","href":"https:\/\/api.w.org\/{rel}","templated":true}]}}