{"id":1447,"date":"2018-06-01T14:51:07","date_gmt":"2018-06-01T20:51:07","guid":{"rendered":"http:\/\/circulorojoslp.com\/?p=1447"},"modified":"2018-06-01T14:51:07","modified_gmt":"2018-06-01T20:51:07","slug":"conte-jura-como-nuevo-primer-ministro-de-italia-apoyado-por-el-m5s-y-la-liga","status":"publish","type":"post","link":"https:\/\/circulorojoslp.com\/?p=1447","title":{"rendered":"Conte jura como nuevo primer ministro de Italia apoyado por el M5S y la Liga"},"content":{"rendered":"<p>El jurista <strong>Giuseppe Conte<\/strong> prest\u00f3 hoy juramento como nuevo <strong>primer ministro<\/strong> de Italia ante el jefe del Estado, <strong>Sergio Mattarella<\/strong>, apoyado por el <strong>Movimiento Cinco Estrellas<\/strong> y la ultraderechista <strong>Liga<\/strong>.<\/p>\n<p>Despu\u00e9s lo hicieron sus vicepresidentes, el l\u00edder del <strong>M5S<\/strong>, <strong>Luigi di Maio<\/strong>, tambi\u00e9n ministro de Desarrollo Econ\u00f3mico y Trabajo, y el de la <strong>Liga<\/strong>, <strong>Matteo Salvini<\/strong>, que controlar\u00e1 la cartera de Interior, y acto seguido el resto de sus 18 ministros.<\/p>\n<p>&#8220;<em><strong>Juro ser fiel a la Rep\u00fablica, observar lealmente a la Constituci\u00f3n y a las leyes y ejercitar mis funciones a favor del inter\u00e9s exclusivo de la naci\u00f3n<\/strong><\/em>&#8220;, pronunciaron ante <strong>Mattarella<\/strong>, que firm\u00f3 los nombramientos y les estrech\u00f3 la mano.<\/p>\n<p>El juramento tuvo lugar en la Sala de las Fiestas de la sede de la Jefatura del Estado, el palacio del Quirinale, comenz\u00f3 a las 16.05 hora local (14.00 GMT) y termin\u00f3 con una foto de familia entre los nuevos ministros y el presidente <strong>Mattarella<\/strong>.<\/p>\n<p>Los ministros del <strong>M5S<\/strong>, adem\u00e1s de <strong>Di Maio<\/strong>, son <strong>Giulia Grillo<\/strong> en Sanidad; <strong>Danilo Toninelli<\/strong> en Infraestructuras y Transportes; <strong>Alberto Bonisoli<\/strong> en Cultura; <strong>Elisabetta Trenta<\/strong> en Defensa; <strong>Alfonso Bonafede<\/strong> en Justicia; <strong>Sergio Costa<\/strong> en Medioambiente; <strong>Barbara Lezzi<\/strong> en Asuntos para el Sur y <strong>Riccardo Fraccaro<\/strong> para Relaciones con el Parlamento.<\/p>\n<p>Los de la <strong>Liga<\/strong> son, adem\u00e1s de Salvini, <strong>Giulia Bongiorno<\/strong> en Administraci\u00f3n P\u00fablica; <strong>Erika Stefani<\/strong> en Asuntos Regionales; <strong>Lorenzo Fontana<\/strong> para el nuevo Ministerio de Discapacitados y Familia; <strong>Gianmarco Centinaio<\/strong> en Agricultura; <strong>Marco Busetti<\/strong> en Educaci\u00f3n, y el subsecretario en la presidencia,<strong> Giancarlo Giorgetti<\/strong>.<\/p>\n","protected":false},"excerpt":{"rendered":"<p>El jurista Giuseppe Conte prest\u00f3 hoy juramento como nuevo primer ministro de Italia ante el jefe del Estado, Sergio Mattarella, apoyado por el Movimiento Cinco Estrellas y la ultraderechista Liga. Despu\u00e9s lo hicieron sus vicepresidentes, el l\u00edder del M5S, Luigi di Maio, tambi\u00e9n ministro de Desarrollo Econ\u00f3mico y Trabajo, y el de la Liga, Matteo [&hellip;]<\/p>\n","protected":false},"author":5,"featured_media":1448,"comment_status":"open","ping_status":"open","sticky":false,"template":"","format":"standard","meta":{"footnotes":""},"categories":[4],"tags":[],"class_list":["post-1447","post","type-post","status-publish","format-standard","has-post-thumbnail","hentry","category-internacionales"],"jetpack-related-posts":[],"_links":{"self":[{"href":"https:\/\/circulorojoslp.com\/index.php?rest_route=\/wp\/v2\/posts\/1447"}],"collection":[{"href":"https:\/\/circulorojoslp.com\/index.php?rest_route=\/wp\/v2\/posts"}],"about":[{"href":"https:\/\/circulorojoslp.com\/index.php?rest_route=\/wp\/v2\/types\/post"}],"author":[{"embeddable":true,"href":"https:\/\/circulorojoslp.com\/index.php?rest_route=\/wp\/v2\/users\/5"}],"replies":[{"embeddable":true,"href":"https:\/\/circulorojoslp.com\/index.php?rest_route=%2Fwp%2Fv2%2Fcomments&post=1447"}],"version-history":[{"count":1,"href":"https:\/\/circulorojoslp.com\/index.php?rest_route=\/wp\/v2\/posts\/1447\/revisions"}],"predecessor-version":[{"id":1449,"href":"https:\/\/circulorojoslp.com\/index.php?rest_route=\/wp\/v2\/posts\/1447\/revisions\/1449"}],"wp:featuredmedia":[{"embeddable":true,"href":"https:\/\/circulorojoslp.com\/index.php?rest_route=\/wp\/v2\/media\/1448"}],"wp:attachment":[{"href":"https:\/\/circulorojoslp.com\/index.php?rest_route=%2Fwp%2Fv2%2Fmedia&parent=1447"}],"wp:term":[{"taxonomy":"category","embeddable":true,"href":"https:\/\/circulorojoslp.com\/index.php?rest_route=%2Fwp%2Fv2%2Fcategories&post=1447"},{"taxonomy":"post_tag","embeddable":true,"href":"https:\/\/circulorojoslp.com\/index.php?rest_route=%2Fwp%2Fv2%2Ftags&post=1447"}],"curies":[{"name":"wp","href":"https:\/\/api.w.org\/{rel}","templated":true}]}}