{"id":14349,"date":"2020-04-12T17:54:55","date_gmt":"2020-04-12T23:54:55","guid":{"rendered":"http:\/\/circulorojoslp.com\/?p=14349"},"modified":"2020-04-12T17:54:55","modified_gmt":"2020-04-12T23:54:55","slug":"10-de-mayo-podria-comenzar-a-levantarse-la-cuarentena-amlo","status":"publish","type":"post","link":"https:\/\/circulorojoslp.com\/?p=14349","title":{"rendered":"10 DE MAYO PODR\u00cdA COMENZAR A LEVANTARSE LA CUARENTENA: AMLO"},"content":{"rendered":"<p>El presidente Andr\u00e9s Manuel L\u00f3pez Obrador consider\u00f3 que a partir del 10 de mayo podr\u00eda levantarse gradualmente la cuarentena impuesta por la propagaci\u00f3n del COVID-19, aunque reconoci\u00f3 que esa decisi\u00f3n le corresponde a los cient\u00edficos que encabezan el subsecretario de Prevenci\u00f3n y Promoci\u00f3n de la Salud, Hugo L\u00f3pez-Gatell, y su equipo.<\/p>\n<p>En un video en el que agradece a empresarios su decisi\u00f3n de ceder durante un mes, m\u00e1s de 3 mil camas de hospitales privados al sector p\u00fablico, el mandatario adelant\u00f3 que el pr\u00f3ximo jueves las autoridades sanitarias dar\u00e1n a conocer cu\u00e1l es el periodo cr\u00edtico de contagios por el Covid-19, de acuerdo con proyecciones cient\u00edficas.<\/p>\n<p>\u201cMa\u00f1ana vamos a hablar de como los t\u00e9cnicos, m\u00e9dicos, especialistas, cient\u00edficos que est\u00e1n conduciendo esta estrategia en contra del coronavirus nos van a decir cuando en la semana pr\u00f3xima, yo espero que el jueves, ya se va a tener una previsi\u00f3n definitiva\u201d, dijo.<\/p>\n<p>\u201cEstamos calculando que sea en un mes, pero eso lo tienen que decir lo especialistas de cuando a cuando va a ser; yo no decido, no soy todologo. A m\u00ed me gustar\u00eda el levantamiento de la cuarentena, gradualmente, con todo cuidado y todas las recomendaciones, el 10 de mayo\u201d, puntualiz\u00f3.<\/p>\n<p>El presidente AMLO asegur\u00f3 que los mexicanos han atendido el llamado a quedarse en casa, e insisti\u00f3 en la importancia de mantener la cuarentena para evitar los contagios.<\/p>\n<p>Esto contrasta con las declaraciones del subsecretario L\u00f3pez-Gatell, quien en reiteradas ocasiones ha advertido que el llamado a respetar la sana distancia y a quedarse en casa no ha sido acatado como lo exigen las circunstancias.<\/p>\n<p>&nbsp;<\/p>\n","protected":false},"excerpt":{"rendered":"<p>El presidente Andr\u00e9s Manuel L\u00f3pez Obrador consider\u00f3 que a partir del 10 de mayo podr\u00eda levantarse gradualmente la cuarentena impuesta por la propagaci\u00f3n del COVID-19, aunque reconoci\u00f3 que esa decisi\u00f3n le corresponde a los cient\u00edficos que encabezan el subsecretario de Prevenci\u00f3n y Promoci\u00f3n de la Salud, Hugo L\u00f3pez-Gatell, y su equipo. En un video en [&hellip;]<\/p>\n","protected":false},"author":5,"featured_media":14350,"comment_status":"open","ping_status":"open","sticky":false,"template":"","format":"standard","meta":{"footnotes":""},"categories":[3],"tags":[22],"class_list":["post-14349","post","type-post","status-publish","format-standard","has-post-thumbnail","hentry","category-nacionales","tag-principal"],"jetpack-related-posts":[],"_links":{"self":[{"href":"https:\/\/circulorojoslp.com\/index.php?rest_route=\/wp\/v2\/posts\/14349"}],"collection":[{"href":"https:\/\/circulorojoslp.com\/index.php?rest_route=\/wp\/v2\/posts"}],"about":[{"href":"https:\/\/circulorojoslp.com\/index.php?rest_route=\/wp\/v2\/types\/post"}],"author":[{"embeddable":true,"href":"https:\/\/circulorojoslp.com\/index.php?rest_route=\/wp\/v2\/users\/5"}],"replies":[{"embeddable":true,"href":"https:\/\/circulorojoslp.com\/index.php?rest_route=%2Fwp%2Fv2%2Fcomments&post=14349"}],"version-history":[{"count":1,"href":"https:\/\/circulorojoslp.com\/index.php?rest_route=\/wp\/v2\/posts\/14349\/revisions"}],"predecessor-version":[{"id":14351,"href":"https:\/\/circulorojoslp.com\/index.php?rest_route=\/wp\/v2\/posts\/14349\/revisions\/14351"}],"wp:featuredmedia":[{"embeddable":true,"href":"https:\/\/circulorojoslp.com\/index.php?rest_route=\/wp\/v2\/media\/14350"}],"wp:attachment":[{"href":"https:\/\/circulorojoslp.com\/index.php?rest_route=%2Fwp%2Fv2%2Fmedia&parent=14349"}],"wp:term":[{"taxonomy":"category","embeddable":true,"href":"https:\/\/circulorojoslp.com\/index.php?rest_route=%2Fwp%2Fv2%2Fcategories&post=14349"},{"taxonomy":"post_tag","embeddable":true,"href":"https:\/\/circulorojoslp.com\/index.php?rest_route=%2Fwp%2Fv2%2Ftags&post=14349"}],"curies":[{"name":"wp","href":"https:\/\/api.w.org\/{rel}","templated":true}]}}