{"id":14223,"date":"2020-04-06T15:08:47","date_gmt":"2020-04-06T21:08:47","guid":{"rendered":"http:\/\/circulorojoslp.com\/?p=14223"},"modified":"2020-04-06T15:08:47","modified_gmt":"2020-04-06T21:08:47","slug":"es-detenido-ex-diputado-del-pri-acusado-de-ataque-con-acido-a-saxofonista","status":"publish","type":"post","link":"https:\/\/circulorojoslp.com\/?p=14223","title":{"rendered":"ES DETENIDO EX DIPUTADO DEL PRI ACUSADO DE ATAQUE CON \u00c1CIDO A SAXOFONISTA"},"content":{"rendered":"<p>Fuerzas de seguridad de Oaxaca detuvieron al exdiputado y empresario Juan Vera Carrizal, confirm\u00f3 el gobernador de Oaxaca a trav\u00e9s de Twitter.<\/p>\n<p>Juan Antonio Vera Carrizal fue detenido por la Polic\u00eda Estatal de Oaxaca.<\/p>\n<p>En su cuenta de twitter el gobernador,\u00a0<strong>Alejandro Murat, confirm\u00f3 la detenci\u00f3n del presunto autor intelectual de la agresi\u00f3n con \u00e1cido sulf\u00farico en contra de Mar\u00eda Elena R\u00edos<\/strong>, a qui\u00e9n le provoc\u00f3 graves da\u00f1os f\u00edsicos y mentales.<\/p>\n<p>El exdiputado priista y empresario gasolinero era buscado por el delito de tentativa de feminicidio en contra de la saxofonista Mar\u00eda Elena R\u00edos, quien fue atacada con \u00e1cido en septiembre de 2019.<\/p>\n<p>Trascendi\u00f3 que en el operativo tuvo participaci\u00f3n la Secretar\u00eda de Seguridad Estatal. Hace unas semanas,\u00a0<strong>la Fiscal\u00eda General del Estado de Oaxaca (FGEO), ofreci\u00f3 un mill\u00f3n de pesos a quien brindara informaci\u00f3n que diera con su captura.<\/strong><\/p>\n<h3>PROCESARON A TERCER IMPLICADO<\/h3>\n<p>El pasado 4 de abril, la Fiscal\u00eda General del Estado de Oaxaca (FGEO) inform\u00f3 de la\u00a0<strong>vinculaci\u00f3n a proceso de un hombre, identificado como R.L.CH.<\/strong>, por su presunta participaci\u00f3n en el ataque con \u00e1cido en contra de la saxofonista Mar\u00eda Elena R\u00edos, ocurrido en septiembre del a\u00f1o pasado.<\/p>\n<p>A trav\u00e9s de un comunicado,\u00a0<strong>el \u00f3rgano de procuraci\u00f3n de justicia detall\u00f3 que, alrededor de las 18:10 horas, en las inmediaciones de riberas del r\u00edo Salado,<\/strong>\u00a0el sujeto fue aprehendido por elementos de la Polic\u00eda Estatal.<\/p>\n<p>Cabe recordar que el crimen perpetrado en contra de\u00a0<strong>la joven ocurri\u00f3 aproximadamente a las 10:10 horas del 9 de septiembre de 2019<\/strong>, cuando un sujeto identificado como R.L.CH., le arroj\u00f3 \u00e1cido sulf\u00farico en el rostro y cuerpo.<\/p>\n<p>Como parte de las diligencias iniciadas por la FGEO, entre el 23 y 25 de diciembre de 2019, fueron identificados y detenidos dos hombres m\u00e1s, identificados como P.H.Y. y R.H.R., quienes tambi\u00e9n resultaron implicados en el crimen.<\/p>\n<p>Tras la detenci\u00f3n del tercer responsable,<strong>\u00a0un juez dict\u00f3 auto de vinculaci\u00f3n a proceso contra el hombre, dict\u00e1ndole adem\u00e1s medida cautelar de prisi\u00f3n preventiva<\/strong>\u00a0y cinco meses de plazo para el cierre de investigaci\u00f3n complementaria.<\/p>\n<p>&nbsp;<\/p>\n","protected":false},"excerpt":{"rendered":"<p>Fuerzas de seguridad de Oaxaca detuvieron al exdiputado y empresario Juan Vera Carrizal, confirm\u00f3 el gobernador de Oaxaca a trav\u00e9s de Twitter. Juan Antonio Vera Carrizal fue detenido por la Polic\u00eda Estatal de Oaxaca. En su cuenta de twitter el gobernador,\u00a0Alejandro Murat, confirm\u00f3 la detenci\u00f3n del presunto autor intelectual de la agresi\u00f3n con \u00e1cido sulf\u00farico [&hellip;]<\/p>\n","protected":false},"author":5,"featured_media":14224,"comment_status":"open","ping_status":"open","sticky":false,"template":"","format":"standard","meta":{"footnotes":""},"categories":[3],"tags":[22],"class_list":["post-14223","post","type-post","status-publish","format-standard","has-post-thumbnail","hentry","category-nacionales","tag-principal"],"jetpack-related-posts":[],"_links":{"self":[{"href":"https:\/\/circulorojoslp.com\/index.php?rest_route=\/wp\/v2\/posts\/14223"}],"collection":[{"href":"https:\/\/circulorojoslp.com\/index.php?rest_route=\/wp\/v2\/posts"}],"about":[{"href":"https:\/\/circulorojoslp.com\/index.php?rest_route=\/wp\/v2\/types\/post"}],"author":[{"embeddable":true,"href":"https:\/\/circulorojoslp.com\/index.php?rest_route=\/wp\/v2\/users\/5"}],"replies":[{"embeddable":true,"href":"https:\/\/circulorojoslp.com\/index.php?rest_route=%2Fwp%2Fv2%2Fcomments&post=14223"}],"version-history":[{"count":1,"href":"https:\/\/circulorojoslp.com\/index.php?rest_route=\/wp\/v2\/posts\/14223\/revisions"}],"predecessor-version":[{"id":14225,"href":"https:\/\/circulorojoslp.com\/index.php?rest_route=\/wp\/v2\/posts\/14223\/revisions\/14225"}],"wp:featuredmedia":[{"embeddable":true,"href":"https:\/\/circulorojoslp.com\/index.php?rest_route=\/wp\/v2\/media\/14224"}],"wp:attachment":[{"href":"https:\/\/circulorojoslp.com\/index.php?rest_route=%2Fwp%2Fv2%2Fmedia&parent=14223"}],"wp:term":[{"taxonomy":"category","embeddable":true,"href":"https:\/\/circulorojoslp.com\/index.php?rest_route=%2Fwp%2Fv2%2Fcategories&post=14223"},{"taxonomy":"post_tag","embeddable":true,"href":"https:\/\/circulorojoslp.com\/index.php?rest_route=%2Fwp%2Fv2%2Ftags&post=14223"}],"curies":[{"name":"wp","href":"https:\/\/api.w.org\/{rel}","templated":true}]}}