{"id":1386,"date":"2018-05-31T11:04:49","date_gmt":"2018-05-31T17:04:49","guid":{"rendered":"http:\/\/circulorojoslp.com\/?p=1386"},"modified":"2018-05-31T11:04:49","modified_gmt":"2018-05-31T17:04:49","slug":"facebook-permitira-a-candidatos-publicar-sus-propuestas-de-campana","status":"publish","type":"post","link":"https:\/\/circulorojoslp.com\/?p=1386","title":{"rendered":"Facebook permitir\u00e1 a candidatos publicar sus propuestas de campa\u00f1a"},"content":{"rendered":"<p>Facebook anunci\u00f3 la activaci\u00f3n de la pesta\u00f1a \u2018Temas\u2019, una herramienta que busca contribuir a la <strong>difusi\u00f3n de informaci\u00f3n y fomentar la participaci\u00f3n ciudadana<\/strong>, de cara a las pr\u00f3ximas elecciones en M\u00e9xico.<\/p>\n<p>Esta pesta\u00f1a permitir\u00e1 a las personas consultar las propuestas de los candidatos en sus perfiles de Facebook, y as\u00ed <strong>contribuir a la construcci\u00f3n de una comunidad informada e involucrada c\u00edvicamente<\/strong>.<\/p>\n<p>En ese espacio, los candidatos podr\u00e1n compartir sus posiciones sobre una serie de temas que fueron <strong>elegidos por un grupo de acad\u00e9micos<\/strong> de la Universidad Nacional Aut\u00f3noma de M\u00e9xico (UNAM).<\/p>\n<p>Toda la informaci\u00f3n ser\u00e1 publicada directamente por los candidatos y sus equipos en formatos de texto o video, y <strong>las personas podr\u00e1n compartir las propuestas de los postulantes y hacer comentarios<\/strong>.<\/p>\n<blockquote><p>Con esta herramienta Facebook busca alentar la participaci\u00f3n c\u00edvica, ayudando a las personas a obtener informaci\u00f3n precisa y emitir un voto informado el pr\u00f3ximo 1 de julio. Estamos muy contentos de poder activar este producto en M\u00e9xico\u201d, dijo <strong>Diego Bassante<\/strong>, gerente de Pol\u00edtica y Gobierno de Facebook en Am\u00e9rica Latina.<\/p><\/blockquote>\n<p>A su vez, el jefe del Departamento de Proyectos Acad\u00e9micos Digitales del Instituto de Investigaciones Jur\u00eddicas de la UNAM, <strong>Pablo de Larra\u00f1aga<\/strong>, dijo que esta colaboraci\u00f3n institucional con Facebook constituye una acci\u00f3n para facilitar, desde una perspectiva libre, objetiva y plural, el an\u00e1lisis del contenido del actual proceso pol\u00edtico en M\u00e9xico.<\/p>\n","protected":false},"excerpt":{"rendered":"<p>Facebook anunci\u00f3 la activaci\u00f3n de la pesta\u00f1a \u2018Temas\u2019, una herramienta que busca contribuir a la difusi\u00f3n de informaci\u00f3n y fomentar la participaci\u00f3n ciudadana, de cara a las pr\u00f3ximas elecciones en M\u00e9xico. Esta pesta\u00f1a permitir\u00e1 a las personas consultar las propuestas de los candidatos en sus perfiles de Facebook, y as\u00ed contribuir a la construcci\u00f3n de [&hellip;]<\/p>\n","protected":false},"author":5,"featured_media":1387,"comment_status":"open","ping_status":"open","sticky":false,"template":"","format":"standard","meta":{"footnotes":""},"categories":[3],"tags":[],"class_list":["post-1386","post","type-post","status-publish","format-standard","has-post-thumbnail","hentry","category-nacionales"],"jetpack-related-posts":[],"_links":{"self":[{"href":"https:\/\/circulorojoslp.com\/index.php?rest_route=\/wp\/v2\/posts\/1386"}],"collection":[{"href":"https:\/\/circulorojoslp.com\/index.php?rest_route=\/wp\/v2\/posts"}],"about":[{"href":"https:\/\/circulorojoslp.com\/index.php?rest_route=\/wp\/v2\/types\/post"}],"author":[{"embeddable":true,"href":"https:\/\/circulorojoslp.com\/index.php?rest_route=\/wp\/v2\/users\/5"}],"replies":[{"embeddable":true,"href":"https:\/\/circulorojoslp.com\/index.php?rest_route=%2Fwp%2Fv2%2Fcomments&post=1386"}],"version-history":[{"count":1,"href":"https:\/\/circulorojoslp.com\/index.php?rest_route=\/wp\/v2\/posts\/1386\/revisions"}],"predecessor-version":[{"id":1388,"href":"https:\/\/circulorojoslp.com\/index.php?rest_route=\/wp\/v2\/posts\/1386\/revisions\/1388"}],"wp:featuredmedia":[{"embeddable":true,"href":"https:\/\/circulorojoslp.com\/index.php?rest_route=\/wp\/v2\/media\/1387"}],"wp:attachment":[{"href":"https:\/\/circulorojoslp.com\/index.php?rest_route=%2Fwp%2Fv2%2Fmedia&parent=1386"}],"wp:term":[{"taxonomy":"category","embeddable":true,"href":"https:\/\/circulorojoslp.com\/index.php?rest_route=%2Fwp%2Fv2%2Fcategories&post=1386"},{"taxonomy":"post_tag","embeddable":true,"href":"https:\/\/circulorojoslp.com\/index.php?rest_route=%2Fwp%2Fv2%2Ftags&post=1386"}],"curies":[{"name":"wp","href":"https:\/\/api.w.org\/{rel}","templated":true}]}}