{"id":1314,"date":"2018-05-25T14:09:32","date_gmt":"2018-05-25T20:09:32","guid":{"rendered":"http:\/\/circulorojoslp.com\/?p=1314"},"modified":"2018-05-25T14:09:32","modified_gmt":"2018-05-25T20:09:32","slug":"guerrero-reabre-procesos-judiciales-contra-nestora-salgado","status":"publish","type":"post","link":"https:\/\/circulorojoslp.com\/?p=1314","title":{"rendered":"Guerrero reabre procesos judiciales contra Nestora Salgado"},"content":{"rendered":"<div class=\"ds-1col entity entity-paragraphs-item paragraphs-item-text-paragraph view-mode-full clearfix\">\n<div class=\"field--text\">\n<p>En <strong>Guerrero<\/strong>, el proceso judicial contra<strong> Nestora Salgado Garc\u00eda <\/strong>se reabri\u00f3. La <strong>Fiscal\u00eda General del Estado<\/strong> (FGE) apel\u00f3 del auto de libertad de <strong>seis causas penales<\/strong> que hace m\u00e1s de dos a\u00f1os le otorgaron jueces federales a la candidata del Movimiento Regeneraci\u00f3n Nacional (Morena) al Senado y ex comandanta de la Polic\u00eda Comunitaria.<\/p>\n<p>Las causas penales que apel\u00f3 la FGE son: la 59-I \/2015 por secuestro, la 196\/2013-I-A por secuestro agravado y privaci\u00f3n ilegal de la libertad; la 67\/2014 por homicidio calificado y tentativa de homicidio; la 048\/2014-II por secuestro agravado y privaci\u00f3n ilegal de libertad; la 05\/2014-I por secuestro agravado y la 050\/2014-II por robo especifico y privaci\u00f3n ilegal de la libertad.<\/p>\n<p>De las seis casos, el<strong> Tribunal Superior de Justicia de Guerrero<\/strong> hasta el momento ha admitido cinco, tras la pol\u00e9mica desatada durante el segundo debate por el candidato a la Presidencia del Partido Revolucionario Institucional (PRI), <strong>Jos\u00e9 Antonio Meade,<\/strong> quien acus\u00f3 a Salgado de ser secuestradora.<\/p>\n<p>l pr\u00f3ximo <strong>14 de junio<\/strong>, en la Sala Penal 4 del Poder Judicial de Guerrero realizar\u00e1 una audiencia de vista en donde se analizar\u00e1 la apelaci\u00f3n que interpuso el Ministerio P\u00fablico en contra el auto de libertad que en <strong>marzo de 2016 <\/strong>dict\u00f3 en favor de la <strong>ex comandanta de la Polic\u00eda Comunitaria de Olinal\u00e1.<\/strong><\/p>\n<p>En esta primera audiencia en la que los magistrados determinar\u00e1n la confirmaci\u00f3n, revocaci\u00f3n o modificar el dictamen de las acusaciones penales que se le hacen a<strong> Nestora Salgados <\/strong>por los delitos de secuestro agravado y privaci\u00f3n de la libertad personal, se\u00f1ala la toca VII-207\/2017.<\/p>\n<p>Los agraviados, <strong>Abraham Ortega Sonora, Katia Espinozo Bola\u00f1os y Pedro Gil Apreza Salmer\u00f3n<\/strong> tambi\u00e9n est\u00e1n citados para esa audiencia aunque sus abogados podr\u00edan estar en su representaci\u00f3n.<\/p>\n<p><strong>Los tres fueron detenidos por la Polic\u00eda Comunitaria de Olinal\u00e1 en mayo del 2013<\/strong> y fueron llevados a la Casa de Justicia de El Para\u00edso, del municipio de Ayutla de los Libres para <strong>enfrentar un proceso de reeducaci\u00f3n debido a haber cometido una serie de delitos.<\/strong><\/p>\n<\/div>\n<\/div>\n","protected":false},"excerpt":{"rendered":"<p>En Guerrero, el proceso judicial contra Nestora Salgado Garc\u00eda se reabri\u00f3. La Fiscal\u00eda General del Estado (FGE) apel\u00f3 del auto de libertad de seis causas penales que hace m\u00e1s de dos a\u00f1os le otorgaron jueces federales a la candidata del Movimiento Regeneraci\u00f3n Nacional (Morena) al Senado y ex comandanta de la Polic\u00eda Comunitaria. Las causas [&hellip;]<\/p>\n","protected":false},"author":5,"featured_media":1315,"comment_status":"open","ping_status":"open","sticky":false,"template":"","format":"standard","meta":{"footnotes":""},"categories":[3],"tags":[],"class_list":["post-1314","post","type-post","status-publish","format-standard","has-post-thumbnail","hentry","category-nacionales"],"jetpack-related-posts":[],"_links":{"self":[{"href":"https:\/\/circulorojoslp.com\/index.php?rest_route=\/wp\/v2\/posts\/1314"}],"collection":[{"href":"https:\/\/circulorojoslp.com\/index.php?rest_route=\/wp\/v2\/posts"}],"about":[{"href":"https:\/\/circulorojoslp.com\/index.php?rest_route=\/wp\/v2\/types\/post"}],"author":[{"embeddable":true,"href":"https:\/\/circulorojoslp.com\/index.php?rest_route=\/wp\/v2\/users\/5"}],"replies":[{"embeddable":true,"href":"https:\/\/circulorojoslp.com\/index.php?rest_route=%2Fwp%2Fv2%2Fcomments&post=1314"}],"version-history":[{"count":1,"href":"https:\/\/circulorojoslp.com\/index.php?rest_route=\/wp\/v2\/posts\/1314\/revisions"}],"predecessor-version":[{"id":1316,"href":"https:\/\/circulorojoslp.com\/index.php?rest_route=\/wp\/v2\/posts\/1314\/revisions\/1316"}],"wp:featuredmedia":[{"embeddable":true,"href":"https:\/\/circulorojoslp.com\/index.php?rest_route=\/wp\/v2\/media\/1315"}],"wp:attachment":[{"href":"https:\/\/circulorojoslp.com\/index.php?rest_route=%2Fwp%2Fv2%2Fmedia&parent=1314"}],"wp:term":[{"taxonomy":"category","embeddable":true,"href":"https:\/\/circulorojoslp.com\/index.php?rest_route=%2Fwp%2Fv2%2Fcategories&post=1314"},{"taxonomy":"post_tag","embeddable":true,"href":"https:\/\/circulorojoslp.com\/index.php?rest_route=%2Fwp%2Fv2%2Ftags&post=1314"}],"curies":[{"name":"wp","href":"https:\/\/api.w.org\/{rel}","templated":true}]}}