{"id":12821,"date":"2020-02-04T15:31:32","date_gmt":"2020-02-04T21:31:32","guid":{"rendered":"http:\/\/circulorojoslp.com\/?p=12821"},"modified":"2020-02-04T15:31:32","modified_gmt":"2020-02-04T21:31:32","slug":"reportan-muerte-cerebral-del-lider-comerciante-juan-martin-ayala","status":"publish","type":"post","link":"https:\/\/circulorojoslp.com\/?p=12821","title":{"rendered":"REPORTAN MUERTE CEREBRAL DEL L\u00cdDER COMERCIANTE JUAN MARTIN AYALA"},"content":{"rendered":"<div class=\"\" data-block=\"true\" data-editor=\"717ol\" data-offset-key=\"4crmr-0-0\"><\/div>\n<div class=\"\" data-block=\"true\" data-editor=\"717ol\" data-offset-key=\"eicrl-0-0\">\n<div class=\"_1mf _1mj\" data-offset-key=\"eicrl-0-0\"><span data-offset-key=\"eicrl-0-0\">Seg\u00fan allegados al l\u00edder comercial, la noche de este lunes recibi\u00f3 un disparo de arma de fuego en la parte frontal de la cabeza y fue trasladado a recibir atenci\u00f3n m\u00e9dica de forma urgente, seg\u00fan reportes m\u00e9dicos presenta muerte cerebral y est\u00e1n a la espera de que su salud mejore.<\/span><\/div>\n<\/div>\n","protected":false},"excerpt":{"rendered":"<p>Seg\u00fan allegados al l\u00edder comercial, la noche de este lunes recibi\u00f3 un disparo de arma de fuego en la parte frontal de la cabeza y fue trasladado a recibir atenci\u00f3n m\u00e9dica de forma urgente, seg\u00fan reportes m\u00e9dicos presenta muerte cerebral y est\u00e1n a la espera de que su salud mejore.<\/p>\n","protected":false},"author":5,"featured_media":12822,"comment_status":"open","ping_status":"open","sticky":false,"template":"","format":"standard","meta":{"footnotes":""},"categories":[2],"tags":[22],"class_list":["post-12821","post","type-post","status-publish","format-standard","has-post-thumbnail","hentry","category-locales","tag-principal"],"jetpack-related-posts":[],"_links":{"self":[{"href":"https:\/\/circulorojoslp.com\/index.php?rest_route=\/wp\/v2\/posts\/12821"}],"collection":[{"href":"https:\/\/circulorojoslp.com\/index.php?rest_route=\/wp\/v2\/posts"}],"about":[{"href":"https:\/\/circulorojoslp.com\/index.php?rest_route=\/wp\/v2\/types\/post"}],"author":[{"embeddable":true,"href":"https:\/\/circulorojoslp.com\/index.php?rest_route=\/wp\/v2\/users\/5"}],"replies":[{"embeddable":true,"href":"https:\/\/circulorojoslp.com\/index.php?rest_route=%2Fwp%2Fv2%2Fcomments&post=12821"}],"version-history":[{"count":1,"href":"https:\/\/circulorojoslp.com\/index.php?rest_route=\/wp\/v2\/posts\/12821\/revisions"}],"predecessor-version":[{"id":12823,"href":"https:\/\/circulorojoslp.com\/index.php?rest_route=\/wp\/v2\/posts\/12821\/revisions\/12823"}],"wp:featuredmedia":[{"embeddable":true,"href":"https:\/\/circulorojoslp.com\/index.php?rest_route=\/wp\/v2\/media\/12822"}],"wp:attachment":[{"href":"https:\/\/circulorojoslp.com\/index.php?rest_route=%2Fwp%2Fv2%2Fmedia&parent=12821"}],"wp:term":[{"taxonomy":"category","embeddable":true,"href":"https:\/\/circulorojoslp.com\/index.php?rest_route=%2Fwp%2Fv2%2Fcategories&post=12821"},{"taxonomy":"post_tag","embeddable":true,"href":"https:\/\/circulorojoslp.com\/index.php?rest_route=%2Fwp%2Fv2%2Ftags&post=12821"}],"curies":[{"name":"wp","href":"https:\/\/api.w.org\/{rel}","templated":true}]}}