{"id":12367,"date":"2020-01-12T12:58:27","date_gmt":"2020-01-12T18:58:27","guid":{"rendered":"http:\/\/circulorojoslp.com\/?p=12367"},"modified":"2020-01-12T12:58:27","modified_gmt":"2020-01-12T18:58:27","slug":"recula-rocio-zavala-en-el-uso-de-la-plaza-de-los-fundadores","status":"publish","type":"post","link":"https:\/\/circulorojoslp.com\/?p=12367","title":{"rendered":"RECULA ROCIO ZAVALA EN EL USO DE LA PLAZA DE LOS FUNDADORES"},"content":{"rendered":"<p class=\"p2\"><span class=\"s1\">Tras una negativa inicial de la Unidad de Gesti\u00f3n del Centro Hist\u00f3rico del ayuntamiento capitalino de permitirles usar la Plaza Fundadores a los scouts potosinos, ayer se abri\u00f3 la posibilidad de que se revierta esa decisi\u00f3n, indic\u00f3 el presidente de la Provincia San Luis Potos\u00ed de este grupo, Daniel V\u00e9lez S\u00e1nchez.<\/span><\/p>\n<p class=\"p2\"><span class=\"s1\">En entrevista, el dirigente scout inform\u00f3 que ayer dialogaron con funcionarios municipales, luego de que se diera a conocer que la UGCH hab\u00eda negado a la agrupaci\u00f3n usar el pr\u00f3ximo s\u00e1bado la Plaza Fundadores, con el argumento de que se buscaba evitar da\u00f1os al espacio p\u00fablico.<\/span><\/p>\n<p class=\"p2\"><span class=\"s1\">Al pedir que precisara s\u00ed habl\u00f3 con funcionarios de la unidad, el entrevistado precis\u00f3 que el di\u00e1logo fue con funcionarios de la alcald\u00eda. <\/span><\/p>\n<p class=\"p2\"><span class=\"s1\">Tras la pl\u00e1tica, detall\u00f3, &#8220;al parecer s\u00ed nos autorizar\u00e1n Fundadores, aunque s\u00f3lo fue hablado. No hay, todav\u00eda, un documento firmado&#8221;.<\/span><\/p>\n<p class=\"p2\"><span class=\"s1\">Enfatiz\u00f3 en que se trata de un acuerdo verbal, pero se\u00f1al\u00f3 que se trata de &#8220;palabras al aire, a\u00fan no es seguro&#8221;.<\/span><\/p>\n<p class=\"p2\"><span class=\"s1\">Revel\u00f3 que el ayuntamiento ofreci\u00f3<span class=\"Apple-converted-space\">\u00a0 <\/span>como alternativa para la celebraci\u00f3n el parque Morales, pero indic\u00f3 que el espacio es inadecuado debido a que no tendr\u00edan seguridad, ni electricidad.<\/span><\/p>\n<p class=\"p2\"><span class=\"s1\">Sobre los argumentos esgrimidos por la titular de la UGCH, Roc\u00edo Zavala, para justificar la negativa, en el sentido de que con ellos, se buscaba evitar da\u00f1os a la plaza, V\u00e9lez S\u00e1nchez indic\u00f3 que los scouts siempre buscan dejar en mejor estado del que encuentran los lugares que visitan, lo mismo en el campo que en la ciudad.<\/span><\/p>\n<p class=\"p2\"><span class=\"s1\">&#8220;Nunca da\u00f1amos nada&#8221;, defendi\u00f3, &#8220;nuestro objetivo primordial es formar personas de bien. Si hici\u00e9ramos vandalismo o ensuciaramos los espacios, estar\u00eda justificada (la negativa), pero no es as\u00ed.<\/span><\/p>\n<p class=\"p2\"><span class=\"s1\">Indic\u00f3 que desde hace 30 o 40 a\u00f1os se realiza la ceremonia del Fuego Nuevo, el evento rechazado por la UGCH, en espacios p\u00fablicos de San Luis sin que se registre un solo problema.<\/span><\/p>\n<p class=\"p2\"><span class=\"s1\">Se\u00f1al\u00f3 que la decisi\u00f3n afectar\u00eda a unos mil integrantes del movimiento scout en San Luis, Soledad y otras partes del estado. <\/span><\/p>\n<p class=\"p2\"><span class=\"s1\">Indic\u00f3 que el movimiento scout s\u00f3lo busca inculcar valores y actitudes constructivas a sus miembros. &#8220;Es lo que la sociedad potosina necesita&#8221;, concluy\u00f3, &#8220;s\u00f3lo pedimos el apoyo de las autoridades para lograrlo&#8221;.<\/span><\/p>\n","protected":false},"excerpt":{"rendered":"<p>Tras una negativa inicial de la Unidad de Gesti\u00f3n del Centro Hist\u00f3rico del ayuntamiento capitalino de permitirles usar la Plaza Fundadores a los scouts potosinos, ayer se abri\u00f3 la posibilidad de que se revierta esa decisi\u00f3n, indic\u00f3 el presidente de la Provincia San Luis Potos\u00ed de este grupo, Daniel V\u00e9lez S\u00e1nchez. En entrevista, el dirigente [&hellip;]<\/p>\n","protected":false},"author":5,"featured_media":12368,"comment_status":"open","ping_status":"open","sticky":false,"template":"","format":"standard","meta":{"footnotes":""},"categories":[2],"tags":[22],"class_list":["post-12367","post","type-post","status-publish","format-standard","has-post-thumbnail","hentry","category-locales","tag-principal"],"jetpack-related-posts":[],"_links":{"self":[{"href":"https:\/\/circulorojoslp.com\/index.php?rest_route=\/wp\/v2\/posts\/12367"}],"collection":[{"href":"https:\/\/circulorojoslp.com\/index.php?rest_route=\/wp\/v2\/posts"}],"about":[{"href":"https:\/\/circulorojoslp.com\/index.php?rest_route=\/wp\/v2\/types\/post"}],"author":[{"embeddable":true,"href":"https:\/\/circulorojoslp.com\/index.php?rest_route=\/wp\/v2\/users\/5"}],"replies":[{"embeddable":true,"href":"https:\/\/circulorojoslp.com\/index.php?rest_route=%2Fwp%2Fv2%2Fcomments&post=12367"}],"version-history":[{"count":1,"href":"https:\/\/circulorojoslp.com\/index.php?rest_route=\/wp\/v2\/posts\/12367\/revisions"}],"predecessor-version":[{"id":12369,"href":"https:\/\/circulorojoslp.com\/index.php?rest_route=\/wp\/v2\/posts\/12367\/revisions\/12369"}],"wp:featuredmedia":[{"embeddable":true,"href":"https:\/\/circulorojoslp.com\/index.php?rest_route=\/wp\/v2\/media\/12368"}],"wp:attachment":[{"href":"https:\/\/circulorojoslp.com\/index.php?rest_route=%2Fwp%2Fv2%2Fmedia&parent=12367"}],"wp:term":[{"taxonomy":"category","embeddable":true,"href":"https:\/\/circulorojoslp.com\/index.php?rest_route=%2Fwp%2Fv2%2Fcategories&post=12367"},{"taxonomy":"post_tag","embeddable":true,"href":"https:\/\/circulorojoslp.com\/index.php?rest_route=%2Fwp%2Fv2%2Ftags&post=12367"}],"curies":[{"name":"wp","href":"https:\/\/api.w.org\/{rel}","templated":true}]}}