{"id":1229,"date":"2018-05-23T08:25:54","date_gmt":"2018-05-23T14:25:54","guid":{"rendered":"http:\/\/circulorojoslp.com\/?p=1229"},"modified":"2018-05-23T08:25:54","modified_gmt":"2018-05-23T14:25:54","slug":"ni-me-retracto-ni-ofrezco-disculpas-dice-meade-sobre-nestora-salgado","status":"publish","type":"post","link":"https:\/\/circulorojoslp.com\/?p=1229","title":{"rendered":"\u201cNi me retracto ni ofrezco disculpas\u201d, dice Meade sobre Nestora Salgado"},"content":{"rendered":"<p><strong>Jos\u00e9 Antonio Meade<\/strong> dijo que no se retratar\u00e1 y tampoco ofrece disculpas a <strong>Nestora Salgado <\/strong>luego de exhibir <strong>un mensaje que aparentemente ella escribi\u00f3<\/strong> solicitando rescate por el <strong>secuestro de una persona<\/strong>.<\/p>\n<p><strong>El candidato de la coalici\u00f3n Todos por M\u00e9xico<\/strong> escribi\u00f3 en su <strong>cuenta de Twitter <\/strong>que \u00e9l est\u00e1 del lado de las v\u00edctimas y la propuesta de dar amnist\u00eda a los delincuentes, por parte de <strong>Andr\u00e9s Manuel L\u00f3pez Obrador<\/strong>, va en serio.<\/p>\n<p>\u201cNi me retracto ni ofrezco disculpas. \u00a1Faltaba m\u00e1s! Por si fuera poco, le obsequian a la se\u00f1ora una senadur\u00eda plurinominal. La amnist\u00eda de Andr\u00e9s Manuel va en serio. Yo estoy del lado de las v\u00edctimas y de la legalidad. Es tiempo de definiciones\u201d, escribi\u00f3 esta ma\u00f1ana.<\/p>\n<blockquote data-lang=\"es\">\n<p dir=\"ltr\" lang=\"es\">Ni me retracto ni ofrezco disculpas. \u00a1Faltaba m\u00e1s! Por si fuera poco, le obsequian a la se\u00f1ora una senadur\u00eda plurinominal. La amnist\u00eda de Andr\u00e9s Manuel va en serio. Yo estoy del lado de las v\u00edctimas y de la legalidad. Es tiempo de definiciones.<\/p>\n<p>\u2014 Jos\u00e9 Antonio Meade (@JoseAMeadeK) <a href=\"https:\/\/twitter.com\/JoseAMeadeK\/status\/999251199168794624?ref_src=twsrc%5Etfw\">23 de mayo de 2018<\/a><\/p><\/blockquote>\n<p>El domingo pasado durante el segundo debate presidencial, el candidato de la coalici\u00f3n \u201cTodos por M\u00e9xico\u201d, Jos\u00e9 Antonio Meade, acus\u00f3 a Nestora Salgado, candidata por Morena al Senado, de ser secuestradora.<\/p>\n<p>\u201cNestora Salgado va a ser senadora plurinominal por Morena. Una secuestradora que est\u00e1 libre por una falla de la polic\u00eda\u201d, expres\u00f3 el candidato a la presidencia.<\/p>\n","protected":false},"excerpt":{"rendered":"<p>Jos\u00e9 Antonio Meade dijo que no se retratar\u00e1 y tampoco ofrece disculpas a Nestora Salgado luego de exhibir un mensaje que aparentemente ella escribi\u00f3 solicitando rescate por el secuestro de una persona. El candidato de la coalici\u00f3n Todos por M\u00e9xico escribi\u00f3 en su cuenta de Twitter que \u00e9l est\u00e1 del lado de las v\u00edctimas y [&hellip;]<\/p>\n","protected":false},"author":5,"featured_media":1230,"comment_status":"open","ping_status":"open","sticky":false,"template":"","format":"standard","meta":{"footnotes":""},"categories":[3],"tags":[],"class_list":["post-1229","post","type-post","status-publish","format-standard","has-post-thumbnail","hentry","category-nacionales"],"jetpack-related-posts":[],"_links":{"self":[{"href":"https:\/\/circulorojoslp.com\/index.php?rest_route=\/wp\/v2\/posts\/1229"}],"collection":[{"href":"https:\/\/circulorojoslp.com\/index.php?rest_route=\/wp\/v2\/posts"}],"about":[{"href":"https:\/\/circulorojoslp.com\/index.php?rest_route=\/wp\/v2\/types\/post"}],"author":[{"embeddable":true,"href":"https:\/\/circulorojoslp.com\/index.php?rest_route=\/wp\/v2\/users\/5"}],"replies":[{"embeddable":true,"href":"https:\/\/circulorojoslp.com\/index.php?rest_route=%2Fwp%2Fv2%2Fcomments&post=1229"}],"version-history":[{"count":1,"href":"https:\/\/circulorojoslp.com\/index.php?rest_route=\/wp\/v2\/posts\/1229\/revisions"}],"predecessor-version":[{"id":1231,"href":"https:\/\/circulorojoslp.com\/index.php?rest_route=\/wp\/v2\/posts\/1229\/revisions\/1231"}],"wp:featuredmedia":[{"embeddable":true,"href":"https:\/\/circulorojoslp.com\/index.php?rest_route=\/wp\/v2\/media\/1230"}],"wp:attachment":[{"href":"https:\/\/circulorojoslp.com\/index.php?rest_route=%2Fwp%2Fv2%2Fmedia&parent=1229"}],"wp:term":[{"taxonomy":"category","embeddable":true,"href":"https:\/\/circulorojoslp.com\/index.php?rest_route=%2Fwp%2Fv2%2Fcategories&post=1229"},{"taxonomy":"post_tag","embeddable":true,"href":"https:\/\/circulorojoslp.com\/index.php?rest_route=%2Fwp%2Fv2%2Ftags&post=1229"}],"curies":[{"name":"wp","href":"https:\/\/api.w.org\/{rel}","templated":true}]}}