{"id":1220,"date":"2018-05-23T08:21:07","date_gmt":"2018-05-23T14:21:07","guid":{"rendered":"http:\/\/circulorojoslp.com\/?p=1220"},"modified":"2018-05-23T08:21:07","modified_gmt":"2018-05-23T14:21:07","slug":"alista-amlo-eventos-en-jalisco-y-en-colima-este-miercoles","status":"publish","type":"post","link":"https:\/\/circulorojoslp.com\/?p=1220","title":{"rendered":"Alista AMLO eventos en Jalisco y en Colima este mi\u00e9rcoles"},"content":{"rendered":"<p>uego de que ayer en su evento en Tlaquepaque, Jalisco, el candidato a la presidencia, <strong>Andr\u00e9s Manuel L\u00f3pez Obrador<\/strong>, anunci\u00f3 la incorporaci\u00f3n a su campa\u00f1a del <strong>exfiscal electoral de la PGR, Santiago Nieto<\/strong><strong>, el aspirante se alista hoy para dos eventos m\u00e1s: uno en Jalisco y otro en Colima.<\/strong><\/p>\n<p>Este mi\u00e9rcoles el candidato de la coalici\u00f3n Juntos Haremos Historia estar\u00e1 presente en el municipio de <strong>Autl\u00e1n, Jalisco,<\/strong> cerca del mediod\u00eda y m\u00e1s tarde, a las 16 horas, aproximadamente, se trasladar\u00e1 en donde tambi\u00e9n tendr\u00e1 un acto de campa\u00f1a en <strong>Manzanillo.<\/strong><\/p>\n<p>Ayer en Tlaquepaque, L\u00f3pez Obrador estuvo en el templete de su actividad proselitista junto con el extitular de la Fepade, quien precis\u00f3 que se encargar\u00e1 del blindaje electoral.<\/p>\n<p>\u201c<strong>Es importante desarrollar actividades para efectos de blindar el proceso<\/strong>\u2026 Vengo como especialista\u201d, asegur\u00f3 Santiago Nieto.<\/p>\n<p>Ya por la noche, la esposa del candidato, Beatriz Guti\u00e9rrez M\u00fcller, subi\u00f3 a sus redes sociales un video en el que interpreta la canci\u00f3n \u201cQu\u00e9 manera\u201d, de Illapu, la cual dedic\u00f3 a L\u00f3pez Obrador.<\/p>\n<p>\u201c<strong>Ninguna vitamina es m\u00e1s poderosa que el amor.<\/strong> Dedico esta canci\u00f3n a quienes se entregan en cuerpo y esp\u00edritu a trascender con el coraz\u00f3n palpitando, por las mejores causas\u201d, public\u00f3 en Facebook.<\/p>\n","protected":false},"excerpt":{"rendered":"<p>uego de que ayer en su evento en Tlaquepaque, Jalisco, el candidato a la presidencia, Andr\u00e9s Manuel L\u00f3pez Obrador, anunci\u00f3 la incorporaci\u00f3n a su campa\u00f1a del exfiscal electoral de la PGR, Santiago Nieto, el aspirante se alista hoy para dos eventos m\u00e1s: uno en Jalisco y otro en Colima. Este mi\u00e9rcoles el candidato de la [&hellip;]<\/p>\n","protected":false},"author":5,"featured_media":1221,"comment_status":"open","ping_status":"open","sticky":false,"template":"","format":"standard","meta":{"footnotes":""},"categories":[3],"tags":[],"class_list":["post-1220","post","type-post","status-publish","format-standard","has-post-thumbnail","hentry","category-nacionales"],"jetpack-related-posts":[],"_links":{"self":[{"href":"https:\/\/circulorojoslp.com\/index.php?rest_route=\/wp\/v2\/posts\/1220"}],"collection":[{"href":"https:\/\/circulorojoslp.com\/index.php?rest_route=\/wp\/v2\/posts"}],"about":[{"href":"https:\/\/circulorojoslp.com\/index.php?rest_route=\/wp\/v2\/types\/post"}],"author":[{"embeddable":true,"href":"https:\/\/circulorojoslp.com\/index.php?rest_route=\/wp\/v2\/users\/5"}],"replies":[{"embeddable":true,"href":"https:\/\/circulorojoslp.com\/index.php?rest_route=%2Fwp%2Fv2%2Fcomments&post=1220"}],"version-history":[{"count":1,"href":"https:\/\/circulorojoslp.com\/index.php?rest_route=\/wp\/v2\/posts\/1220\/revisions"}],"predecessor-version":[{"id":1222,"href":"https:\/\/circulorojoslp.com\/index.php?rest_route=\/wp\/v2\/posts\/1220\/revisions\/1222"}],"wp:featuredmedia":[{"embeddable":true,"href":"https:\/\/circulorojoslp.com\/index.php?rest_route=\/wp\/v2\/media\/1221"}],"wp:attachment":[{"href":"https:\/\/circulorojoslp.com\/index.php?rest_route=%2Fwp%2Fv2%2Fmedia&parent=1220"}],"wp:term":[{"taxonomy":"category","embeddable":true,"href":"https:\/\/circulorojoslp.com\/index.php?rest_route=%2Fwp%2Fv2%2Fcategories&post=1220"},{"taxonomy":"post_tag","embeddable":true,"href":"https:\/\/circulorojoslp.com\/index.php?rest_route=%2Fwp%2Fv2%2Ftags&post=1220"}],"curies":[{"name":"wp","href":"https:\/\/api.w.org\/{rel}","templated":true}]}}