{"id":1207,"date":"2018-05-22T12:01:48","date_gmt":"2018-05-22T18:01:48","guid":{"rendered":"http:\/\/circulorojoslp.com\/?p=1207"},"modified":"2018-05-22T12:01:48","modified_gmt":"2018-05-22T18:01:48","slug":"despues-del-asesinato-de-su-esposo-maria-del-carmen-ortiz-toma-su-lugar-como-candidata-a-la-alcaldia-de-apaseo-el-alto-guanajuato","status":"publish","type":"post","link":"https:\/\/circulorojoslp.com\/?p=1207","title":{"rendered":"DESPU\u00c9S DEL ASESINATO DE SU ESPOSO MAR\u00cdA DEL CARMEN ORTIZ TOMA SU LUGAR COMO CANDIDATA A LA ALCALD\u00cdA DE APASEO EL ALTO, GUANAJUATO"},"content":{"rendered":"<p>Mar\u00eda del Carmen Ortiz Terrazas, esposa del candidato asesinado el pasado 11 de mayo en Apaseo El Alto, Guanajuato, ser\u00e1 la suplente de Morena para contender por la alcald\u00eda de esa localidad.<\/p>\n<div class=\"text_exposed_show\">\n<p>El pasado 18 de mayo, durante un mitin en Celaya, el candidato de la coalici\u00f3n Juntos Haremos Historia, Andr\u00e9s Manuel L\u00f3pez Obrador, \u2018destap\u00f3\u2019 a la viuda de Jos\u00e9 Remedios Aguirre como su suplente, pero \u00e9sta rechaz\u00f3 antes medios locales que fuera a ocupar el lugar de su pareja. Sin embargo, tres d\u00edas despu\u00e9s, Ortiz Terrazas acept\u00f3 finalmente el encargo.<\/p>\n<p>\u201cHa sido un proceso muy complicado para Mar\u00eda del Carmen tomar esta decisi\u00f3n\u201d, explic\u00f3 en entrevista Ernesto Prieto, dirigente estatal de Morena en Guanajuato.<\/p>\n<p>\u201cElla no ha tenido tiempo para cumplir con su duelo por el asesinato de Remedios. Pero a su vez, trae esa inquietud y ese compromiso moral con su marido de tomar la estafeta y continuar con la lucha por Apaseo El Alto. Por eso finalmente decidi\u00f3 aceptar la candidatura\u201d, subray\u00f3 Prieto, quien admiti\u00f3 que ahora una de las principales preocupaciones del partido es \u201cgarantizar la seguridad y la integridad\u201d de la suplente.<\/p>\n<\/div>\n","protected":false},"excerpt":{"rendered":"<p>Mar\u00eda del Carmen Ortiz Terrazas, esposa del candidato asesinado el pasado 11 de mayo en Apaseo El Alto, Guanajuato, ser\u00e1 la suplente de Morena para contender por la alcald\u00eda de esa localidad. El pasado 18 de mayo, durante un mitin en Celaya, el candidato de la coalici\u00f3n Juntos Haremos Historia, Andr\u00e9s Manuel L\u00f3pez Obrador, \u2018destap\u00f3\u2019 [&hellip;]<\/p>\n","protected":false},"author":5,"featured_media":1208,"comment_status":"open","ping_status":"open","sticky":false,"template":"","format":"standard","meta":{"footnotes":""},"categories":[3],"tags":[],"class_list":["post-1207","post","type-post","status-publish","format-standard","has-post-thumbnail","hentry","category-nacionales"],"jetpack-related-posts":[],"_links":{"self":[{"href":"https:\/\/circulorojoslp.com\/index.php?rest_route=\/wp\/v2\/posts\/1207"}],"collection":[{"href":"https:\/\/circulorojoslp.com\/index.php?rest_route=\/wp\/v2\/posts"}],"about":[{"href":"https:\/\/circulorojoslp.com\/index.php?rest_route=\/wp\/v2\/types\/post"}],"author":[{"embeddable":true,"href":"https:\/\/circulorojoslp.com\/index.php?rest_route=\/wp\/v2\/users\/5"}],"replies":[{"embeddable":true,"href":"https:\/\/circulorojoslp.com\/index.php?rest_route=%2Fwp%2Fv2%2Fcomments&post=1207"}],"version-history":[{"count":1,"href":"https:\/\/circulorojoslp.com\/index.php?rest_route=\/wp\/v2\/posts\/1207\/revisions"}],"predecessor-version":[{"id":1209,"href":"https:\/\/circulorojoslp.com\/index.php?rest_route=\/wp\/v2\/posts\/1207\/revisions\/1209"}],"wp:featuredmedia":[{"embeddable":true,"href":"https:\/\/circulorojoslp.com\/index.php?rest_route=\/wp\/v2\/media\/1208"}],"wp:attachment":[{"href":"https:\/\/circulorojoslp.com\/index.php?rest_route=%2Fwp%2Fv2%2Fmedia&parent=1207"}],"wp:term":[{"taxonomy":"category","embeddable":true,"href":"https:\/\/circulorojoslp.com\/index.php?rest_route=%2Fwp%2Fv2%2Fcategories&post=1207"},{"taxonomy":"post_tag","embeddable":true,"href":"https:\/\/circulorojoslp.com\/index.php?rest_route=%2Fwp%2Fv2%2Ftags&post=1207"}],"curies":[{"name":"wp","href":"https:\/\/api.w.org\/{rel}","templated":true}]}}