{"id":1169,"date":"2018-05-21T09:09:15","date_gmt":"2018-05-21T15:09:15","guid":{"rendered":"http:\/\/circulorojoslp.com\/?p=1169"},"modified":"2018-05-21T09:09:15","modified_gmt":"2018-05-21T15:09:15","slug":"anaya-se-fusilo-nuestra-propuesta-para-atender-a-los-migrantes","status":"publish","type":"post","link":"https:\/\/circulorojoslp.com\/?p=1169","title":{"rendered":"Anaya se fusil\u00f3 nuestra propuesta para atender a los migrantes"},"content":{"rendered":"<p>Ayer durante una protesta efectuada en el acceso a la garita Internacional de San Ysidro, California, contra el presidente de Estados Unidos, Donald Trump, y la construcci\u00f3n del muro en la frontera con M\u00e9xico, la organizaci\u00f3n \u00c1ngeles sin Fronteras acus\u00f3 al candidato presidencial de la coalici\u00f3n Por M\u00e9xico al Frente, Ricardo Anaya Cort\u00e9s, de apropiarse de una propuesta para la atenci\u00f3n de migrantes.<\/p>\n<p>Sergio Tamay Quintero, dirigente de esa organizaci\u00f3n civil, sostuvo que en una reuni\u00f3n celebrada el viernes con organizaciones de defensa de migrantes, Anaya Cort\u00e9s escuch\u00f3 su planteamiento para atender esta problem\u00e1tica en la frontera norte del pa\u00eds, que incluye la asignaci\u00f3n de recursos por mil millones de pesos para el Fondo Migrante, y 10 minutos despu\u00e9s el panista sali\u00f3 a anunciarlo como suyo\u201d.<\/p>\n<p>Al se\u00f1alar que espera una reuni\u00f3n con Andr\u00e9s Manuel L\u00f3pez Obrador, candidato de la coalici\u00f3n Juntos Haremos Historia \u2013a quien busc\u00f3 a trav\u00e9s de la dirigencia estatal del partido Morena\u2013, Tamay Quintero coincidi\u00f3 con la necesidad de homologar los salarios de los trabajadores mexicanos con los de los estadunidenses, pues \u00e9stos son 13 veces mayores en California.<\/p>\n<p>Al mediod\u00eda, unos 50 activistas que portaban chalecos con marcas fluorescentes se apersonaron en el puerto fronterizo para advertir a Donald Trump que M\u00e9xico no pagar\u00e1 un solo peso de ese muro.<\/p>\n<p>El activista encabez\u00f3 hace un mes una protesta durante la visita de la secretaria de Seguridad Nacional de Estados Unidos, Kirstjen Nielsen, en Mexicali, donde se construye un muro de 3.2 kil\u00f3metros entre Calexico y esa ciudad.<\/p>\n<p>Los manifestantes llevaron su protesta a territorio estadunidense para obligar a Nielsen a concluir su recorrido por esta frontera. Una semana despu\u00e9s y ante la presencia del vicepresidente de Estados Unidos, Mike Pence, quemaron una pi\u00f1ata con el rostro de Trump en ese lugar.<\/p>\n","protected":false},"excerpt":{"rendered":"<p>Ayer durante una protesta efectuada en el acceso a la garita Internacional de San Ysidro, California, contra el presidente de Estados Unidos, Donald Trump, y la construcci\u00f3n del muro en la frontera con M\u00e9xico, la organizaci\u00f3n \u00c1ngeles sin Fronteras acus\u00f3 al candidato presidencial de la coalici\u00f3n Por M\u00e9xico al Frente, Ricardo Anaya Cort\u00e9s, de apropiarse [&hellip;]<\/p>\n","protected":false},"author":5,"featured_media":1170,"comment_status":"open","ping_status":"open","sticky":false,"template":"","format":"standard","meta":{"footnotes":""},"categories":[3],"tags":[],"class_list":["post-1169","post","type-post","status-publish","format-standard","has-post-thumbnail","hentry","category-nacionales"],"jetpack-related-posts":[],"_links":{"self":[{"href":"https:\/\/circulorojoslp.com\/index.php?rest_route=\/wp\/v2\/posts\/1169"}],"collection":[{"href":"https:\/\/circulorojoslp.com\/index.php?rest_route=\/wp\/v2\/posts"}],"about":[{"href":"https:\/\/circulorojoslp.com\/index.php?rest_route=\/wp\/v2\/types\/post"}],"author":[{"embeddable":true,"href":"https:\/\/circulorojoslp.com\/index.php?rest_route=\/wp\/v2\/users\/5"}],"replies":[{"embeddable":true,"href":"https:\/\/circulorojoslp.com\/index.php?rest_route=%2Fwp%2Fv2%2Fcomments&post=1169"}],"version-history":[{"count":1,"href":"https:\/\/circulorojoslp.com\/index.php?rest_route=\/wp\/v2\/posts\/1169\/revisions"}],"predecessor-version":[{"id":1171,"href":"https:\/\/circulorojoslp.com\/index.php?rest_route=\/wp\/v2\/posts\/1169\/revisions\/1171"}],"wp:featuredmedia":[{"embeddable":true,"href":"https:\/\/circulorojoslp.com\/index.php?rest_route=\/wp\/v2\/media\/1170"}],"wp:attachment":[{"href":"https:\/\/circulorojoslp.com\/index.php?rest_route=%2Fwp%2Fv2%2Fmedia&parent=1169"}],"wp:term":[{"taxonomy":"category","embeddable":true,"href":"https:\/\/circulorojoslp.com\/index.php?rest_route=%2Fwp%2Fv2%2Fcategories&post=1169"},{"taxonomy":"post_tag","embeddable":true,"href":"https:\/\/circulorojoslp.com\/index.php?rest_route=%2Fwp%2Fv2%2Ftags&post=1169"}],"curies":[{"name":"wp","href":"https:\/\/api.w.org\/{rel}","templated":true}]}}