{"id":1147,"date":"2018-05-18T10:24:59","date_gmt":"2018-05-18T16:24:59","guid":{"rendered":"http:\/\/circulorojoslp.com\/?p=1147"},"modified":"2018-05-18T10:24:59","modified_gmt":"2018-05-18T16:24:59","slug":"quim-torra-toma-posesion-como-nuevo-presidente-de-cataluna","status":"publish","type":"post","link":"https:\/\/circulorojoslp.com\/?p=1147","title":{"rendered":"Quim Torra toma posesi\u00f3n como nuevo presidente de Catalu\u00f1a"},"content":{"rendered":"<p><strong>Quim Torra<\/strong>, un pol\u00edtico fervorosamente secesionista, asumi\u00f3 este\u00a0jueves la <strong>presidencia de Catalu\u00f1a<\/strong>. Sus demandas independentistas prolongar\u00e1n el enfrentamiento entre la regi\u00f3n del noreste de Espa\u00f1a y el gobierno central de <strong>Madrid<\/strong>.<\/p>\n<p>Torra tom\u00f3 posesi\u00f3n del cargo en una <strong>ceremonia celebrada en la capital catalana<\/strong>, Barcelona, tres d\u00edas despu\u00e9s de su elecci\u00f3n en el Parlamento gracias a los votos de los legisladores secesionistas.<\/p>\n<p>En un s\u00edntoma de la latente tensi\u00f3n entre las dos partes, el gobierno de Madrid, que suele estar representado en la toma de posesi\u00f3n de los mandatarios regionales, no acudi\u00f3 a la de Torra. El ejecutivo de Mariano Rajoy se\u00f1al\u00f3 que las autoridades catalanas hab\u00edan intentado dictar qu\u00e9 miembros del gabinete pod\u00edan acudir al acto, una condici\u00f3n que Madrid rechaz\u00f3.<\/p>\n<p>La disputa sobre el futuro de Catalu\u00f1a sumi\u00f3 a Espa\u00f1a en su peor crisis pol\u00edtica en d\u00e9cadas<\/p>\n<p>Los tres partidos pol\u00edticos m\u00e1s votados a nivel nacional mantienen una posici\u00f3n unificada contra la secesi\u00f3n.<\/p>\n<p>La ceremonia de este\u00a0jueves abund\u00f3 en mensajes simb\u00f3licos dirigidos aparentemente a las autoridades en Madrid.<\/p>\n<p>Torra solo ten\u00eda la bandera catalana roja y amarilla a sus espaldas. La bandera de Espa\u00f1a estuvo ausente.<\/p>\n<p><strong>Jur\u00f3 fidelidad solamente al pueblo catal\u00e1n<\/strong>, sin hacer menci\u00f3n de la constituci\u00f3n espa\u00f1ola ni la lealtad al rey. El gobierno espa\u00f1ol dice que no puede otorgarle la independencia a Catalu\u00f1a, entre otras razones, porque la constituci\u00f3n dice que Espa\u00f1a es &#8220;indivisible&#8221;. El rey Felipe VI se ha pronunciado p\u00fablicamente a favor de la posici\u00f3n del gobierno.<\/p>\n","protected":false},"excerpt":{"rendered":"<p>Quim Torra, un pol\u00edtico fervorosamente secesionista, asumi\u00f3 este\u00a0jueves la presidencia de Catalu\u00f1a. Sus demandas independentistas prolongar\u00e1n el enfrentamiento entre la regi\u00f3n del noreste de Espa\u00f1a y el gobierno central de Madrid. Torra tom\u00f3 posesi\u00f3n del cargo en una ceremonia celebrada en la capital catalana, Barcelona, tres d\u00edas despu\u00e9s de su elecci\u00f3n en el Parlamento gracias [&hellip;]<\/p>\n","protected":false},"author":5,"featured_media":0,"comment_status":"open","ping_status":"open","sticky":false,"template":"","format":"standard","meta":{"footnotes":""},"categories":[4],"tags":[],"class_list":["post-1147","post","type-post","status-publish","format-standard","hentry","category-internacionales"],"jetpack-related-posts":[],"_links":{"self":[{"href":"https:\/\/circulorojoslp.com\/index.php?rest_route=\/wp\/v2\/posts\/1147"}],"collection":[{"href":"https:\/\/circulorojoslp.com\/index.php?rest_route=\/wp\/v2\/posts"}],"about":[{"href":"https:\/\/circulorojoslp.com\/index.php?rest_route=\/wp\/v2\/types\/post"}],"author":[{"embeddable":true,"href":"https:\/\/circulorojoslp.com\/index.php?rest_route=\/wp\/v2\/users\/5"}],"replies":[{"embeddable":true,"href":"https:\/\/circulorojoslp.com\/index.php?rest_route=%2Fwp%2Fv2%2Fcomments&post=1147"}],"version-history":[{"count":1,"href":"https:\/\/circulorojoslp.com\/index.php?rest_route=\/wp\/v2\/posts\/1147\/revisions"}],"predecessor-version":[{"id":1149,"href":"https:\/\/circulorojoslp.com\/index.php?rest_route=\/wp\/v2\/posts\/1147\/revisions\/1149"}],"wp:attachment":[{"href":"https:\/\/circulorojoslp.com\/index.php?rest_route=%2Fwp%2Fv2%2Fmedia&parent=1147"}],"wp:term":[{"taxonomy":"category","embeddable":true,"href":"https:\/\/circulorojoslp.com\/index.php?rest_route=%2Fwp%2Fv2%2Fcategories&post=1147"},{"taxonomy":"post_tag","embeddable":true,"href":"https:\/\/circulorojoslp.com\/index.php?rest_route=%2Fwp%2Fv2%2Ftags&post=1147"}],"curies":[{"name":"wp","href":"https:\/\/api.w.org\/{rel}","templated":true}]}}